{"id":9530,"date":"2024-07-16T15:49:57","date_gmt":"2024-07-16T13:49:57","guid":{"rendered":"https:\/\/www.ecosens.ch\/neue-7-auflage-des-zuercher-planungs-und-baurecht-copy\/"},"modified":"2024-11-12T11:36:38","modified_gmt":"2024-11-12T10:36:38","slug":"uiom-hagenholz-3e-ligne-dincineration-2k5","status":"publish","type":"post","link":"https:\/\/www.ecosens.ch\/fr\/uiom-hagenholz-3e-ligne-dincineration-2k5\/","title":{"rendered":"Dimensionnement du champ de sondes g\u00e9othermiques"},"content":{"rendered":"<div data-elementor-type=\"wp-post\" data-elementor-id=\"9530\" class=\"elementor elementor-9530\" data-elementor-post-type=\"post\">\n\t\t\t\t\t\t<section class=\"elementor-section elementor-top-section elementor-element elementor-element-606294e elementor-section-boxed elementor-section-height-default elementor-section-height-default\" data-id=\"606294e\" data-element_type=\"section\" data-settings=\"{&quot;background_background&quot;:&quot;classic&quot;}\">\n\t\t\t\t\t\t\t<div class=\"elementor-background-overlay\"><\/div>\n\t\t\t\t\t\t\t<div class=\"elementor-container elementor-column-gap-default\">\n\t\t\t\t\t<div class=\"elementor-column elementor-col-100 elementor-top-column elementor-element elementor-element-c107642 elementor-invisible\" data-id=\"c107642\" data-element_type=\"column\" data-settings=\"{&quot;animation&quot;:&quot;fadeInDown&quot;}\">\n\t\t\t<div class=\"elementor-widget-wrap elementor-element-populated\">\n\t\t\t\t\t\t<div class=\"elementor-element elementor-element-dba6e94 elementor-widget elementor-widget-heading\" data-id=\"dba6e94\" data-element_type=\"widget\" data-widget_type=\"heading.default\">\n\t\t\t\t<div class=\"elementor-widget-container\">\n\t\t\t\t\t<h1 class=\"elementor-heading-title elementor-size-default\">Dimensionnement du champ de sondes g\u00e9othermiques<\/h1>\t\t\t\t<\/div>\n\t\t\t\t<\/div>\n\t\t\t\t<div class=\"elementor-element elementor-element-34ac021 elementor-widget-divider--view-line elementor-widget elementor-widget-divider\" data-id=\"34ac021\" data-element_type=\"widget\" data-widget_type=\"divider.default\">\n\t\t\t\t<div class=\"elementor-widget-container\">\n\t\t\t\t\t\t\t<div class=\"elementor-divider\">\n\t\t\t<span class=\"elementor-divider-separator\">\n\t\t\t\t\t\t<\/span>\n\t\t<\/div>\n\t\t\t\t\t\t<\/div>\n\t\t\t\t<\/div>\n\t\t\t\t\t<\/div>\n\t\t<\/div>\n\t\t\t\t\t<\/div>\n\t\t<\/section>\n\t\t<div class=\"elementor-element elementor-element-35ce2d1 e-flex e-con-boxed e-con e-parent\" data-id=\"35ce2d1\" data-element_type=\"container\">\n\t\t\t\t\t<div class=\"e-con-inner\">\n\t\t<div class=\"elementor-element elementor-element-741b1b3 e-con-full e-flex e-con e-child\" data-id=\"741b1b3\" data-element_type=\"container\">\n\t\t\t\t<div class=\"elementor-element elementor-element-2dc868d elementor-widget elementor-widget-text-editor\" data-id=\"2dc868d\" data-element_type=\"widget\" data-widget_type=\"text-editor.default\">\n\t\t\t\t<div class=\"elementor-widget-container\">\n\t\t\t\t\t\t\t\t\tLa construction de la troisi\u00e8me ligne d'incin\u00e9ration \u00e0 l'UIOM de Hagenholz a \u00e9t\u00e9 approuv\u00e9e par les \u00e9lecteurs zurichois en septembre 2023 avec un pourcentage de oui de 90,8%. L'extension de l'UIOM Hagenholz doit assurer la s\u00e9curit\u00e9 de l'\u00e9limination des d\u00e9chets dans le canton et la ville de Zurich et cr\u00e9er des conditions importantes pour atteindre les objectifs climatiques de la ville, \u00e0 savoir z\u00e9ro net en 2040.\n\nLa troisi\u00e8me ligne permettra d'augmenter la capacit\u00e9 d'incin\u00e9ration des d\u00e9chets de 230 000 t\/an aujourd'hui \u00e0 345 000 t\/an.\n\nCette capacit\u00e9 suppl\u00e9mentaire, associ\u00e9e \u00e0 une augmentation de l'efficacit\u00e9 de l'installation, permet d'augmenter la capacit\u00e9 de chauffage urbain de 65 MW aujourd'hui \u00e0 145 MW \u00e0 l'avenir. Il est ainsi possible d'approvisionner environ 90'000 m\u00e9nages en \u00e9lectricit\u00e9 et en chaleur neutre en CO2, tout en \u00e9conomisant environ 70 millions de litres de p\u00e9trole par an ou en \u00e9vitant l'\u00e9mission de 200'000 tonnes de CO2 par an.\n\nEcosens AG accompagne le projet depuis le d\u00e9but en tant que sp\u00e9cialiste de l'environnement au sein de l'\u00e9quipe de planification g\u00e9n\u00e9rale. Nous avons \u00e9tabli le rapport d'impact sur l'environnement (RIE), soutenu le ma\u00eetre d'ouvrage dans le processus d'obtention du permis de construire et accompagnons d\u00e9sormais les travaux de construction dans le cadre de notre fonction de suivi environnemental de chantier (SER).\n\nGr\u00e2ce \u00e0 des contr\u00f4les r\u00e9guliers sur le chantier et \u00e0 des \u00e9changes permanents avec la direction du projet, la direction des travaux et les entrepreneurs, nous garantissons la mise en \u0153uvre des contraintes environnementales et le respect des prescriptions l\u00e9gales. Il s'agit par exemple des prescriptions en mati\u00e8re de bruit pour les travaux de construction ou de l'obligation d'utiliser des filtres \u00e0 particules pour les machines de chantier et les v\u00e9hicules de transport fonctionnant au diesel.\t\t\t\t\t\t\t\t<\/div>\n\t\t\t\t<\/div>\n\t\t\t\t<\/div>\n\t\t<div class=\"elementor-element elementor-element-a5c4c08 e-con-full e-flex e-con e-child\" data-id=\"a5c4c08\" data-element_type=\"container\">\n\t\t\t\t<div class=\"elementor-element elementor-element-1e2eb14 elementor-widget elementor-widget-theme-post-featured-image elementor-widget-image\" data-id=\"1e2eb14\" data-element_type=\"widget\" data-widget_type=\"theme-post-featured-image.default\">\n\t\t\t\t<div class=\"elementor-widget-container\">\n\t\t\t\t\t\t\t\t\t\t\t\t\t\t\t<img fetchpriority=\"high\" decoding=\"async\" width=\"2016\" height=\"1512\" src=\"https:\/\/www.ecosens.ch\/wp-content\/uploads\/2024\/07\/20240620_6.jpg\" class=\"attachment-full size-full wp-image-9486\" alt=\"\" srcset=\"https:\/\/www.ecosens.ch\/wp-content\/uploads\/2024\/07\/20240620_6.jpg 2016w, https:\/\/www.ecosens.ch\/wp-content\/uploads\/2024\/07\/20240620_6-300x225.jpg 300w, https:\/\/www.ecosens.ch\/wp-content\/uploads\/2024\/07\/20240620_6-1024x768.jpg 1024w, https:\/\/www.ecosens.ch\/wp-content\/uploads\/2024\/07\/20240620_6-768x576.jpg 768w, https:\/\/www.ecosens.ch\/wp-content\/uploads\/2024\/07\/20240620_6-1536x1152.jpg 1536w, https:\/\/www.ecosens.ch\/wp-content\/uploads\/2024\/07\/20240620_6-16x12.jpg 16w\" sizes=\"(max-width: 2016px) 100vw, 2016px\" \/>\t\t\t\t\t\t\t\t\t\t\t\t\t\t\t<\/div>\n\t\t\t\t<\/div>\n\t\t\t\t<\/div>\n\t\t\t\t\t<\/div>\n\t\t\t\t<\/div>\n\t\t\t\t<\/div>","protected":false},"excerpt":{"rendered":"<p>La construction de la troisi\u00e8me ligne d'incin\u00e9ration \u00e0 l'UIOM de Hagenholz a \u00e9t\u00e9 approuv\u00e9e par les \u00e9lecteurs zurichois en septembre 2023 avec un pourcentage de oui de 90,8%. L'extension de l'UIOM Hagenholz doit assurer la s\u00e9curit\u00e9 de l'\u00e9limination des d\u00e9chets dans le canton et la ville de Zurich et cr\u00e9er des conditions importantes pour atteindre les objectifs climatiques de la ville, \u00e0 savoir z\u00e9ro net en 2040. <\/p>","protected":false},"author":3,"featured_media":9486,"comment_status":"closed","ping_status":"open","sticky":false,"template":"","format":"standard","meta":{"_acf_changed":false,"footnotes":""},"categories":[1],"tags":[106],"post_folder":[],"class_list":["post-9530","post","type-post","status-publish","format-standard","has-post-thumbnail","hentry","category-uncategorized","tag-elementor"],"acf":[],"yoast_head":"<!-- This site is optimized with the Yoast SEO plugin v26.8 - https:\/\/yoast.com\/product\/yoast-seo-wordpress\/ -->\n<title>KVA Hagenholz, 3. Verbrennungslinie 2K5 - Ecosens AG<\/title>\n<meta name=\"robots\" content=\"index, follow, max-snippet:-1, max-image-preview:large, max-video-preview:-1\" \/>\n<link rel=\"canonical\" href=\"https:\/\/www.ecosens.ch\/fr\/uiom-hagenholz-3e-ligne-dincineration-2k5\/\" \/>\n<meta property=\"og:locale\" content=\"fr_FR\" \/>\n<meta property=\"og:type\" content=\"article\" \/>\n<meta property=\"og:title\" content=\"KVA Hagenholz, 3. Verbrennungslinie 2K5 - Ecosens AG\" \/>\n<meta property=\"og:description\" content=\"Der Bau der dritten Verbrennungslinie in der KVA Hagenholz wurde vom Z\u00fcrcher Stimmvolk im September 2023 mit einem Ja-Stimmenanteil von 90.8% angenommen. Der Ausbau der KVA Hagenholz soll die Entsorgungssicherheit im Kanton und in der Stadt Z\u00fcrich sicherstellen und wichtige Voraussetzungen zur Erreichung der st\u00e4dtischen Klimaziele Netto-Null 2040 schaffen.\" \/>\n<meta property=\"og:url\" content=\"https:\/\/www.ecosens.ch\/fr\/uiom-hagenholz-3e-ligne-dincineration-2k5\/\" \/>\n<meta property=\"og:site_name\" content=\"Ecosens AG\" \/>\n<meta property=\"article:published_time\" content=\"2024-07-16T13:49:57+00:00\" \/>\n<meta property=\"article:modified_time\" content=\"2024-11-12T10:36:38+00:00\" \/>\n<meta property=\"og:image\" content=\"https:\/\/www.ecosens.ch\/wp-content\/uploads\/2024\/07\/20240620_6.jpg\" \/>\n\t<meta property=\"og:image:width\" content=\"2016\" \/>\n\t<meta property=\"og:image:height\" content=\"1512\" \/>\n\t<meta property=\"og:image:type\" content=\"image\/jpeg\" \/>\n<meta name=\"author\" content=\"Sandra Bliggenstorfer\" \/>\n<meta name=\"twitter:card\" content=\"summary_large_image\" \/>\n<meta name=\"twitter:label1\" content=\"\u00c9crit par\" \/>\n\t<meta name=\"twitter:data1\" content=\"Sandra Bliggenstorfer\" \/>\n\t<meta name=\"twitter:label2\" content=\"Dur\u00e9e de lecture estim\u00e9e\" \/>\n\t<meta name=\"twitter:data2\" content=\"1 minute\" \/>\n<script type=\"application\/ld+json\" class=\"yoast-schema-graph\">{\"@context\":\"https:\/\/schema.org\",\"@graph\":[{\"@type\":\"Article\",\"@id\":\"https:\/\/www.ecosens.ch\/kva-hagenholz-3-verbrennungslinie-2k5\/#article\",\"isPartOf\":{\"@id\":\"https:\/\/www.ecosens.ch\/kva-hagenholz-3-verbrennungslinie-2k5\/\"},\"author\":{\"name\":\"Sandra Bliggenstorfer\",\"@id\":\"https:\/\/www.ecosens.ch\/#\/schema\/person\/2ec206e25e3eeb2045e583c7738f3fd4\"},\"headline\":\"KVA Hagenholz, 3. Verbrennungslinie 2K5\",\"datePublished\":\"2024-07-16T13:49:57+00:00\",\"dateModified\":\"2024-11-12T10:36:38+00:00\",\"mainEntityOfPage\":{\"@id\":\"https:\/\/www.ecosens.ch\/kva-hagenholz-3-verbrennungslinie-2k5\/\"},\"wordCount\":221,\"publisher\":{\"@id\":\"https:\/\/www.ecosens.ch\/#organization\"},\"image\":{\"@id\":\"https:\/\/www.ecosens.ch\/kva-hagenholz-3-verbrennungslinie-2k5\/#primaryimage\"},\"thumbnailUrl\":\"https:\/\/www.ecosens.ch\/wp-content\/uploads\/2024\/07\/20240620_6.jpg\",\"keywords\":[\"Elementor\"],\"articleSection\":[\"Uncategorized\"],\"inLanguage\":\"fr-FR\"},{\"@type\":\"WebPage\",\"@id\":\"https:\/\/www.ecosens.ch\/kva-hagenholz-3-verbrennungslinie-2k5\/\",\"url\":\"https:\/\/www.ecosens.ch\/kva-hagenholz-3-verbrennungslinie-2k5\/\",\"name\":\"KVA Hagenholz, 3. Verbrennungslinie 2K5 - Ecosens AG\",\"isPartOf\":{\"@id\":\"https:\/\/www.ecosens.ch\/#website\"},\"primaryImageOfPage\":{\"@id\":\"https:\/\/www.ecosens.ch\/kva-hagenholz-3-verbrennungslinie-2k5\/#primaryimage\"},\"image\":{\"@id\":\"https:\/\/www.ecosens.ch\/kva-hagenholz-3-verbrennungslinie-2k5\/#primaryimage\"},\"thumbnailUrl\":\"https:\/\/www.ecosens.ch\/wp-content\/uploads\/2024\/07\/20240620_6.jpg\",\"datePublished\":\"2024-07-16T13:49:57+00:00\",\"dateModified\":\"2024-11-12T10:36:38+00:00\",\"breadcrumb\":{\"@id\":\"https:\/\/www.ecosens.ch\/kva-hagenholz-3-verbrennungslinie-2k5\/#breadcrumb\"},\"inLanguage\":\"fr-FR\",\"potentialAction\":[{\"@type\":\"ReadAction\",\"target\":[\"https:\/\/www.ecosens.ch\/kva-hagenholz-3-verbrennungslinie-2k5\/\"]}]},{\"@type\":\"ImageObject\",\"inLanguage\":\"fr-FR\",\"@id\":\"https:\/\/www.ecosens.ch\/kva-hagenholz-3-verbrennungslinie-2k5\/#primaryimage\",\"url\":\"https:\/\/www.ecosens.ch\/wp-content\/uploads\/2024\/07\/20240620_6.jpg\",\"contentUrl\":\"https:\/\/www.ecosens.ch\/wp-content\/uploads\/2024\/07\/20240620_6.jpg\",\"width\":2016,\"height\":1512},{\"@type\":\"BreadcrumbList\",\"@id\":\"https:\/\/www.ecosens.ch\/kva-hagenholz-3-verbrennungslinie-2k5\/#breadcrumb\",\"itemListElement\":[{\"@type\":\"ListItem\",\"position\":1,\"name\":\"Startseite\",\"item\":\"https:\/\/www.ecosens.ch\/\"},{\"@type\":\"ListItem\",\"position\":2,\"name\":\"KVA Hagenholz, 3. Verbrennungslinie 2K5\"}]},{\"@type\":\"WebSite\",\"@id\":\"https:\/\/www.ecosens.ch\/#website\",\"url\":\"https:\/\/www.ecosens.ch\/\",\"name\":\"Ecosens AG\",\"description\":\"\",\"publisher\":{\"@id\":\"https:\/\/www.ecosens.ch\/#organization\"},\"potentialAction\":[{\"@type\":\"SearchAction\",\"target\":{\"@type\":\"EntryPoint\",\"urlTemplate\":\"https:\/\/www.ecosens.ch\/?s={search_term_string}\"},\"query-input\":{\"@type\":\"PropertyValueSpecification\",\"valueRequired\":true,\"valueName\":\"search_term_string\"}}],\"inLanguage\":\"fr-FR\"},{\"@type\":\"Organization\",\"@id\":\"https:\/\/www.ecosens.ch\/#organization\",\"name\":\"Ecosens AG\",\"url\":\"https:\/\/www.ecosens.ch\/\",\"logo\":{\"@type\":\"ImageObject\",\"inLanguage\":\"fr-FR\",\"@id\":\"https:\/\/www.ecosens.ch\/#\/schema\/logo\/image\/\",\"url\":\"https:\/\/www.ecosens.ch\/wp-content\/uploads\/2023\/01\/logo.svg\",\"contentUrl\":\"https:\/\/www.ecosens.ch\/wp-content\/uploads\/2023\/01\/logo.svg\",\"width\":226,\"height\":45,\"caption\":\"Ecosens AG\"},\"image\":{\"@id\":\"https:\/\/www.ecosens.ch\/#\/schema\/logo\/image\/\"}},{\"@type\":\"Person\",\"@id\":\"https:\/\/www.ecosens.ch\/#\/schema\/person\/2ec206e25e3eeb2045e583c7738f3fd4\",\"name\":\"Sandra Bliggenstorfer\",\"url\":\"https:\/\/www.ecosens.ch\/fr\/author\/san73648\/\"}]}<\/script>\n<!-- \/ Yoast SEO plugin. -->","yoast_head_json":{"title":"UIOM Hagenholz, 3\u00e8me ligne d'incin\u00e9ration 2K5 - Ecosens AG","robots":{"index":"index","follow":"follow","max-snippet":"max-snippet:-1","max-image-preview":"max-image-preview:large","max-video-preview":"max-video-preview:-1"},"canonical":"https:\/\/www.ecosens.ch\/fr\/uiom-hagenholz-3e-ligne-dincineration-2k5\/","og_locale":"fr_FR","og_type":"article","og_title":"KVA Hagenholz, 3. Verbrennungslinie 2K5 - Ecosens AG","og_description":"Der Bau der dritten Verbrennungslinie in der KVA Hagenholz wurde vom Z\u00fcrcher Stimmvolk im September 2023 mit einem Ja-Stimmenanteil von 90.8% angenommen. Der Ausbau der KVA Hagenholz soll die Entsorgungssicherheit im Kanton und in der Stadt Z\u00fcrich sicherstellen und wichtige Voraussetzungen zur Erreichung der st\u00e4dtischen Klimaziele Netto-Null 2040 schaffen.","og_url":"https:\/\/www.ecosens.ch\/fr\/uiom-hagenholz-3e-ligne-dincineration-2k5\/","og_site_name":"Ecosens AG","article_published_time":"2024-07-16T13:49:57+00:00","article_modified_time":"2024-11-12T10:36:38+00:00","og_image":[{"width":2016,"height":1512,"url":"https:\/\/www.ecosens.ch\/wp-content\/uploads\/2024\/07\/20240620_6.jpg","type":"image\/jpeg"}],"author":"Sandra Bliggenstorfer","twitter_card":"summary_large_image","twitter_misc":{"\u00c9crit par":"Sandra Bliggenstorfer","Dur\u00e9e de lecture estim\u00e9e":"1 minute"},"schema":{"@context":"https:\/\/schema.org","@graph":[{"@type":"Article","@id":"https:\/\/www.ecosens.ch\/kva-hagenholz-3-verbrennungslinie-2k5\/#article","isPartOf":{"@id":"https:\/\/www.ecosens.ch\/kva-hagenholz-3-verbrennungslinie-2k5\/"},"author":{"name":"Sandra Bliggenstorfer","@id":"https:\/\/www.ecosens.ch\/#\/schema\/person\/2ec206e25e3eeb2045e583c7738f3fd4"},"headline":"KVA Hagenholz, 3. Verbrennungslinie 2K5","datePublished":"2024-07-16T13:49:57+00:00","dateModified":"2024-11-12T10:36:38+00:00","mainEntityOfPage":{"@id":"https:\/\/www.ecosens.ch\/kva-hagenholz-3-verbrennungslinie-2k5\/"},"wordCount":221,"publisher":{"@id":"https:\/\/www.ecosens.ch\/#organization"},"image":{"@id":"https:\/\/www.ecosens.ch\/kva-hagenholz-3-verbrennungslinie-2k5\/#primaryimage"},"thumbnailUrl":"https:\/\/www.ecosens.ch\/wp-content\/uploads\/2024\/07\/20240620_6.jpg","keywords":["Elementor"],"articleSection":["Uncategorized"],"inLanguage":"fr-FR"},{"@type":"WebPage","@id":"https:\/\/www.ecosens.ch\/kva-hagenholz-3-verbrennungslinie-2k5\/","url":"https:\/\/www.ecosens.ch\/kva-hagenholz-3-verbrennungslinie-2k5\/","name":"UIOM Hagenholz, 3\u00e8me ligne d'incin\u00e9ration 2K5 - Ecosens AG","isPartOf":{"@id":"https:\/\/www.ecosens.ch\/#website"},"primaryImageOfPage":{"@id":"https:\/\/www.ecosens.ch\/kva-hagenholz-3-verbrennungslinie-2k5\/#primaryimage"},"image":{"@id":"https:\/\/www.ecosens.ch\/kva-hagenholz-3-verbrennungslinie-2k5\/#primaryimage"},"thumbnailUrl":"https:\/\/www.ecosens.ch\/wp-content\/uploads\/2024\/07\/20240620_6.jpg","datePublished":"2024-07-16T13:49:57+00:00","dateModified":"2024-11-12T10:36:38+00:00","breadcrumb":{"@id":"https:\/\/www.ecosens.ch\/kva-hagenholz-3-verbrennungslinie-2k5\/#breadcrumb"},"inLanguage":"fr-FR","potentialAction":[{"@type":"ReadAction","target":["https:\/\/www.ecosens.ch\/kva-hagenholz-3-verbrennungslinie-2k5\/"]}]},{"@type":"ImageObject","inLanguage":"fr-FR","@id":"https:\/\/www.ecosens.ch\/kva-hagenholz-3-verbrennungslinie-2k5\/#primaryimage","url":"https:\/\/www.ecosens.ch\/wp-content\/uploads\/2024\/07\/20240620_6.jpg","contentUrl":"https:\/\/www.ecosens.ch\/wp-content\/uploads\/2024\/07\/20240620_6.jpg","width":2016,"height":1512},{"@type":"BreadcrumbList","@id":"https:\/\/www.ecosens.ch\/kva-hagenholz-3-verbrennungslinie-2k5\/#breadcrumb","itemListElement":[{"@type":"ListItem","position":1,"name":"Startseite","item":"https:\/\/www.ecosens.ch\/"},{"@type":"ListItem","position":2,"name":"KVA Hagenholz, 3. Verbrennungslinie 2K5"}]},{"@type":"WebSite","@id":"https:\/\/www.ecosens.ch\/#website","url":"https:\/\/www.ecosens.ch\/","name":"Ecosens SA","description":"","publisher":{"@id":"https:\/\/www.ecosens.ch\/#organization"},"potentialAction":[{"@type":"SearchAction","target":{"@type":"EntryPoint","urlTemplate":"https:\/\/www.ecosens.ch\/?s={search_term_string}"},"query-input":{"@type":"PropertyValueSpecification","valueRequired":true,"valueName":"search_term_string"}}],"inLanguage":"fr-FR"},{"@type":"Organization","@id":"https:\/\/www.ecosens.ch\/#organization","name":"Ecosens SA","url":"https:\/\/www.ecosens.ch\/","logo":{"@type":"ImageObject","inLanguage":"fr-FR","@id":"https:\/\/www.ecosens.ch\/#\/schema\/logo\/image\/","url":"https:\/\/www.ecosens.ch\/wp-content\/uploads\/2023\/01\/logo.svg","contentUrl":"https:\/\/www.ecosens.ch\/wp-content\/uploads\/2023\/01\/logo.svg","width":226,"height":45,"caption":"Ecosens AG"},"image":{"@id":"https:\/\/www.ecosens.ch\/#\/schema\/logo\/image\/"}},{"@type":"Person","@id":"https:\/\/www.ecosens.ch\/#\/schema\/person\/2ec206e25e3eeb2045e583c7738f3fd4","name":"Sandra Bliggenstorfer","url":"https:\/\/www.ecosens.ch\/fr\/author\/san73648\/"}]}},"_links":{"self":[{"href":"https:\/\/www.ecosens.ch\/fr\/wp-json\/wp\/v2\/posts\/9530","targetHints":{"allow":["GET"]}}],"collection":[{"href":"https:\/\/www.ecosens.ch\/fr\/wp-json\/wp\/v2\/posts"}],"about":[{"href":"https:\/\/www.ecosens.ch\/fr\/wp-json\/wp\/v2\/types\/post"}],"author":[{"embeddable":true,"href":"https:\/\/www.ecosens.ch\/fr\/wp-json\/wp\/v2\/users\/3"}],"replies":[{"embeddable":true,"href":"https:\/\/www.ecosens.ch\/fr\/wp-json\/wp\/v2\/comments?post=9530"}],"version-history":[{"count":10,"href":"https:\/\/www.ecosens.ch\/fr\/wp-json\/wp\/v2\/posts\/9530\/revisions"}],"predecessor-version":[{"id":10178,"href":"https:\/\/www.ecosens.ch\/fr\/wp-json\/wp\/v2\/posts\/9530\/revisions\/10178"}],"wp:featuredmedia":[{"embeddable":true,"href":"https:\/\/www.ecosens.ch\/fr\/wp-json\/wp\/v2\/media\/9486"}],"wp:attachment":[{"href":"https:\/\/www.ecosens.ch\/fr\/wp-json\/wp\/v2\/media?parent=9530"}],"wp:term":[{"taxonomy":"category","embeddable":true,"href":"https:\/\/www.ecosens.ch\/fr\/wp-json\/wp\/v2\/categories?post=9530"},{"taxonomy":"post_tag","embeddable":true,"href":"https:\/\/www.ecosens.ch\/fr\/wp-json\/wp\/v2\/tags?post=9530"},{"taxonomy":"post_folder","embeddable":true,"href":"https:\/\/www.ecosens.ch\/fr\/wp-json\/wp\/v2\/post_folder?post=9530"}],"curies":[{"name":"wp","href":"https:\/\/api.w.org\/{rel}","templated":true}]}}