{"id":6181,"date":"2023-10-28T08:25:20","date_gmt":"2023-10-28T06:25:20","guid":{"rendered":"https:\/\/ecosens.aretis-staging.ch\/2023\/06\/09\/ecosens-ag-bearbeitet-pfas-altlasten-copy\/"},"modified":"2023-11-01T15:45:18","modified_gmt":"2023-11-01T14:45:18","slug":"transfert-danimaux-sauvages-rynetel","status":"publish","type":"post","link":"https:\/\/www.ecosens.ch\/fr\/transfert-danimaux-sauvages-rynetel\/","title":{"rendered":"Passage \u00e0 faune de Rynetel"},"content":{"rendered":"<div data-elementor-type=\"wp-post\" data-elementor-id=\"6181\" class=\"elementor elementor-6181\" data-elementor-post-type=\"post\">\n\t\t\t\t\t\t<section class=\"elementor-section elementor-top-section elementor-element elementor-element-606294e elementor-section-boxed elementor-section-height-default elementor-section-height-default\" data-id=\"606294e\" data-element_type=\"section\" data-settings=\"{&quot;background_background&quot;:&quot;classic&quot;}\">\n\t\t\t\t\t\t\t<div class=\"elementor-background-overlay\"><\/div>\n\t\t\t\t\t\t\t<div class=\"elementor-container elementor-column-gap-default\">\n\t\t\t\t\t<div class=\"elementor-column elementor-col-100 elementor-top-column elementor-element elementor-element-c107642 elementor-invisible\" data-id=\"c107642\" data-element_type=\"column\" data-settings=\"{&quot;animation&quot;:&quot;fadeInDown&quot;}\">\n\t\t\t<div class=\"elementor-widget-wrap elementor-element-populated\">\n\t\t\t\t\t\t<div class=\"elementor-element elementor-element-dba6e94 elementor-widget elementor-widget-heading\" data-id=\"dba6e94\" data-element_type=\"widget\" data-widget_type=\"heading.default\">\n\t\t\t\t<div class=\"elementor-widget-container\">\n\t\t\t\t\t<h1 class=\"elementor-heading-title elementor-size-default\">\nPassage \u00e0 faune de Rynetel\n<\/h1>\t\t\t\t<\/div>\n\t\t\t\t<\/div>\n\t\t\t\t<div class=\"elementor-element elementor-element-34ac021 elementor-widget-divider--view-line elementor-widget elementor-widget-divider\" data-id=\"34ac021\" data-element_type=\"widget\" data-widget_type=\"divider.default\">\n\t\t\t\t<div class=\"elementor-widget-container\">\n\t\t\t\t\t\t\t<div class=\"elementor-divider\">\n\t\t\t<span class=\"elementor-divider-separator\">\n\t\t\t\t\t\t<\/span>\n\t\t<\/div>\n\t\t\t\t\t\t<\/div>\n\t\t\t\t<\/div>\n\t\t\t\t\t<\/div>\n\t\t<\/div>\n\t\t\t\t\t<\/div>\n\t\t<\/section>\n\t\t<div class=\"elementor-element elementor-element-35ce2d1 e-flex e-con-boxed e-con e-parent\" data-id=\"35ce2d1\" data-element_type=\"container\">\n\t\t\t\t\t<div class=\"e-con-inner\">\n\t\t<div class=\"elementor-element elementor-element-741b1b3 e-con-full e-flex e-con e-child\" data-id=\"741b1b3\" data-element_type=\"container\">\n\t\t\t\t<div class=\"elementor-element elementor-element-2dc868d elementor-widget elementor-widget-text-editor\" data-id=\"2dc868d\" data-element_type=\"widget\" data-widget_type=\"text-editor.default\">\n\t\t\t\t<div class=\"elementor-widget-container\">\n\t\t\t\t\t\t\t\t\t<p><b>D\u00e9partement de la planification environnementale - Passage \u00e0 faune de Rynetel<\/b><\/p><p>Les corridors faunistiques font partie de l'infrastructure \u00e9cologique. Le corridor \u00e0 faune AG6 dans la zone foresti\u00e8re de Rohr-Rupperswil est l'un des plus importants de Suisse. Les passages \u00e0 faune ont pour objectif de cr\u00e9er un r\u00e9seau de chemins sans perturbation pour les animaux sauvages par-del\u00e0 les fronti\u00e8res cantonales.<\/p><p>Le passage \u00e0 faune command\u00e9 par l'Office f\u00e9d\u00e9ral des routes (OFROU) a \u00e9t\u00e9 construit en bois. Le passage \u00e0 faune de Rynetel se compose d'une construction en arc de 50 m\u00e8tres de large sur une longueur de 36 m\u00e8tres. Le nouveau passage \u00e0 faune doit permettre de relier les Pr\u00e9alpes au pied sud du Jura et contribuer \u00e9ventuellement au retour du cerf \u00e9laphe dans le Jura.<\/p><p>Le passage sup\u00e9rieur est recouvert de terre jusqu'\u00e0 la hauteur du terrain forestier existant et est plant\u00e9 sur toute sa largeur. L'am\u00e9nagement varie en fonction de la faune et se compose de petites structures, comme des tas de bois et de petits cours d'eau, ainsi que d'une plantation d'arbustes et de haies. Ces derni\u00e8res servent de protection contre l'\u00e9blouissement pour les animaux sauvages et permettent ainsi une travers\u00e9e sans stress.<\/p><p>Dans le cadre de ce projet, Ecosens SA a fourni des conseils environnementaux au ma\u00eetre d'ouvrage et aux planificateurs, a effectu\u00e9 des pr\u00e9l\u00e8vements et des analyses de sols suspects d'\u00eatre pollu\u00e9s, ainsi qu'un suivi p\u00e9dologique de chantier (SST) et un suivi environnemental de chantier (SER).<\/p><p>\u00a0<\/p><p>A propos de la personne :<br \/><a title=\"Lars Schudel\" href=\"https:\/\/www.ecosens.ch\/de\/lars-schudel.html\" target=\"_blank\" rel=\"noopener\"><b>Lars Schudel<\/b><\/a><\/p><p>Plus<br \/><a title=\"Passage \u00e0 faune de Rynetel\" href=\"https:\/\/www.ecosens.ch\/de\/n01-wildtier%C3%BCberf%C3%BChrung-rynetel.html\" target=\"_blank\" rel=\"noopener\"><b>Passage \u00e0 faune de Rynetel<\/b><\/a><\/p>\t\t\t\t\t\t\t\t<\/div>\n\t\t\t\t<\/div>\n\t\t\t\t<\/div>\n\t\t<div class=\"elementor-element elementor-element-a5c4c08 e-con-full e-flex e-con e-child\" data-id=\"a5c4c08\" data-element_type=\"container\">\n\t\t\t\t<div class=\"elementor-element elementor-element-1e2eb14 elementor-widget elementor-widget-theme-post-featured-image elementor-widget-image\" data-id=\"1e2eb14\" data-element_type=\"widget\" data-widget_type=\"theme-post-featured-image.default\">\n\t\t\t\t<div class=\"elementor-widget-container\">\n\t\t\t\t\t\t\t\t\t\t\t\t\t\t\t<img fetchpriority=\"high\" decoding=\"async\" width=\"661\" height=\"441\" src=\"https:\/\/www.ecosens.ch\/wp-content\/uploads\/2023\/06\/Rynetel-71780928.jpg\" class=\"attachment-full size-full wp-image-6182\" alt=\"\" srcset=\"https:\/\/www.ecosens.ch\/wp-content\/uploads\/2023\/06\/Rynetel-71780928.jpg 661w, https:\/\/www.ecosens.ch\/wp-content\/uploads\/2023\/06\/Rynetel-71780928-300x200.jpg 300w, https:\/\/www.ecosens.ch\/wp-content\/uploads\/2023\/06\/Rynetel-71780928-18x12.jpg 18w\" sizes=\"(max-width: 661px) 100vw, 661px\" \/>\t\t\t\t\t\t\t\t\t\t\t\t\t\t\t<\/div>\n\t\t\t\t<\/div>\n\t\t\t\t<\/div>\n\t\t\t\t\t<\/div>\n\t\t\t\t<\/div>\n\t\t\t\t<\/div>","protected":false},"excerpt":{"rendered":"<p>Les corridors faunistiques font partie de l'infrastructure \u00e9cologique. Le corridor \u00e0 faune AG6 dans la zone foresti\u00e8re de Rohr-Rupperswil est l'un des plus importants de Suisse. Les passages \u00e0 faune ont pour objectif de cr\u00e9er un r\u00e9seau de chemins sans perturbation pour les animaux sauvages par-del\u00e0 les fronti\u00e8res cantonales.<\/p>","protected":false},"author":1,"featured_media":6182,"comment_status":"closed","ping_status":"open","sticky":false,"template":"","format":"standard","meta":{"_acf_changed":false,"footnotes":""},"categories":[1],"tags":[],"post_folder":[],"class_list":["post-6181","post","type-post","status-publish","format-standard","has-post-thumbnail","hentry","category-uncategorized"],"acf":[],"yoast_head":"<!-- This site is optimized with the Yoast SEO plugin v26.8 - https:\/\/yoast.com\/product\/yoast-seo-wordpress\/ -->\n<title>Wildtier\u00fcberf\u00fchrung Rynetel - Ecosens AG<\/title>\n<meta name=\"robots\" content=\"index, follow, max-snippet:-1, max-image-preview:large, max-video-preview:-1\" \/>\n<link rel=\"canonical\" href=\"https:\/\/www.ecosens.ch\/fr\/transfert-danimaux-sauvages-rynetel\/\" \/>\n<meta property=\"og:locale\" content=\"fr_FR\" \/>\n<meta property=\"og:type\" content=\"article\" \/>\n<meta property=\"og:title\" content=\"Wildtier\u00fcberf\u00fchrung Rynetel - Ecosens AG\" \/>\n<meta property=\"og:description\" content=\"Wildtierkorridore sind Teil der \u00f6kologischen Infrastruktur. Der Wildtierkorridor AG6 im Waldgebiet Rohr\u2013Rupperswil geh\u00f6rt zu den bedeutendsten der Schweiz. Die Wildtier\u00fcberf\u00fchrungen haben zum Ziel ein st\u00f6rungsfreies Wegnetz f\u00fcr Wildtiere \u00fcber die kantonalen Grenzen hinweg zu schaffen.\" \/>\n<meta property=\"og:url\" content=\"https:\/\/www.ecosens.ch\/fr\/transfert-danimaux-sauvages-rynetel\/\" \/>\n<meta property=\"og:site_name\" content=\"Ecosens AG\" \/>\n<meta property=\"article:published_time\" content=\"2023-10-28T06:25:20+00:00\" \/>\n<meta property=\"article:modified_time\" content=\"2023-11-01T14:45:18+00:00\" \/>\n<meta property=\"og:image\" content=\"https:\/\/www.ecosens.ch\/wp-content\/uploads\/2023\/06\/Rynetel-71780928.jpg\" \/>\n\t<meta property=\"og:image:width\" content=\"661\" \/>\n\t<meta property=\"og:image:height\" content=\"441\" \/>\n\t<meta property=\"og:image:type\" content=\"image\/jpeg\" \/>\n<meta name=\"author\" content=\"aretis2244\" \/>\n<meta name=\"twitter:card\" content=\"summary_large_image\" \/>\n<meta name=\"twitter:label1\" content=\"\u00c9crit par\" \/>\n\t<meta name=\"twitter:data1\" content=\"aretis2244\" \/>\n\t<meta name=\"twitter:label2\" content=\"Dur\u00e9e de lecture estim\u00e9e\" \/>\n\t<meta name=\"twitter:data2\" content=\"1 minute\" \/>\n<script type=\"application\/ld+json\" class=\"yoast-schema-graph\">{\"@context\":\"https:\/\/schema.org\",\"@graph\":[{\"@type\":\"Article\",\"@id\":\"https:\/\/www.ecosens.ch\/wildtierueberfuehrung-rynetel\/#article\",\"isPartOf\":{\"@id\":\"https:\/\/www.ecosens.ch\/wildtierueberfuehrung-rynetel\/\"},\"author\":{\"name\":\"aretis2244\",\"@id\":\"https:\/\/www.ecosens.ch\/#\/schema\/person\/19cc311b5687c93780d5ebe4b7808ac4\"},\"headline\":\"Wildtier\u00fcberf\u00fchrung Rynetel\",\"datePublished\":\"2023-10-28T06:25:20+00:00\",\"dateModified\":\"2023-11-01T14:45:18+00:00\",\"mainEntityOfPage\":{\"@id\":\"https:\/\/www.ecosens.ch\/wildtierueberfuehrung-rynetel\/\"},\"wordCount\":220,\"publisher\":{\"@id\":\"https:\/\/www.ecosens.ch\/#organization\"},\"image\":{\"@id\":\"https:\/\/www.ecosens.ch\/wildtierueberfuehrung-rynetel\/#primaryimage\"},\"thumbnailUrl\":\"https:\/\/www.ecosens.ch\/wp-content\/uploads\/2023\/06\/Rynetel-71780928.jpg\",\"articleSection\":[\"Uncategorized\"],\"inLanguage\":\"fr-FR\"},{\"@type\":\"WebPage\",\"@id\":\"https:\/\/www.ecosens.ch\/wildtierueberfuehrung-rynetel\/\",\"url\":\"https:\/\/www.ecosens.ch\/wildtierueberfuehrung-rynetel\/\",\"name\":\"Wildtier\u00fcberf\u00fchrung Rynetel - Ecosens AG\",\"isPartOf\":{\"@id\":\"https:\/\/www.ecosens.ch\/#website\"},\"primaryImageOfPage\":{\"@id\":\"https:\/\/www.ecosens.ch\/wildtierueberfuehrung-rynetel\/#primaryimage\"},\"image\":{\"@id\":\"https:\/\/www.ecosens.ch\/wildtierueberfuehrung-rynetel\/#primaryimage\"},\"thumbnailUrl\":\"https:\/\/www.ecosens.ch\/wp-content\/uploads\/2023\/06\/Rynetel-71780928.jpg\",\"datePublished\":\"2023-10-28T06:25:20+00:00\",\"dateModified\":\"2023-11-01T14:45:18+00:00\",\"breadcrumb\":{\"@id\":\"https:\/\/www.ecosens.ch\/wildtierueberfuehrung-rynetel\/#breadcrumb\"},\"inLanguage\":\"fr-FR\",\"potentialAction\":[{\"@type\":\"ReadAction\",\"target\":[\"https:\/\/www.ecosens.ch\/wildtierueberfuehrung-rynetel\/\"]}]},{\"@type\":\"ImageObject\",\"inLanguage\":\"fr-FR\",\"@id\":\"https:\/\/www.ecosens.ch\/wildtierueberfuehrung-rynetel\/#primaryimage\",\"url\":\"https:\/\/www.ecosens.ch\/wp-content\/uploads\/2023\/06\/Rynetel-71780928.jpg\",\"contentUrl\":\"https:\/\/www.ecosens.ch\/wp-content\/uploads\/2023\/06\/Rynetel-71780928.jpg\",\"width\":661,\"height\":441},{\"@type\":\"BreadcrumbList\",\"@id\":\"https:\/\/www.ecosens.ch\/wildtierueberfuehrung-rynetel\/#breadcrumb\",\"itemListElement\":[{\"@type\":\"ListItem\",\"position\":1,\"name\":\"Startseite\",\"item\":\"https:\/\/www.ecosens.ch\/\"},{\"@type\":\"ListItem\",\"position\":2,\"name\":\"Wildtier\u00fcberf\u00fchrung Rynetel\"}]},{\"@type\":\"WebSite\",\"@id\":\"https:\/\/www.ecosens.ch\/#website\",\"url\":\"https:\/\/www.ecosens.ch\/\",\"name\":\"Ecosens AG\",\"description\":\"\",\"publisher\":{\"@id\":\"https:\/\/www.ecosens.ch\/#organization\"},\"potentialAction\":[{\"@type\":\"SearchAction\",\"target\":{\"@type\":\"EntryPoint\",\"urlTemplate\":\"https:\/\/www.ecosens.ch\/?s={search_term_string}\"},\"query-input\":{\"@type\":\"PropertyValueSpecification\",\"valueRequired\":true,\"valueName\":\"search_term_string\"}}],\"inLanguage\":\"fr-FR\"},{\"@type\":\"Organization\",\"@id\":\"https:\/\/www.ecosens.ch\/#organization\",\"name\":\"Ecosens AG\",\"url\":\"https:\/\/www.ecosens.ch\/\",\"logo\":{\"@type\":\"ImageObject\",\"inLanguage\":\"fr-FR\",\"@id\":\"https:\/\/www.ecosens.ch\/#\/schema\/logo\/image\/\",\"url\":\"https:\/\/www.ecosens.ch\/wp-content\/uploads\/2023\/01\/logo.svg\",\"contentUrl\":\"https:\/\/www.ecosens.ch\/wp-content\/uploads\/2023\/01\/logo.svg\",\"width\":226,\"height\":45,\"caption\":\"Ecosens AG\"},\"image\":{\"@id\":\"https:\/\/www.ecosens.ch\/#\/schema\/logo\/image\/\"}},{\"@type\":\"Person\",\"@id\":\"https:\/\/www.ecosens.ch\/#\/schema\/person\/19cc311b5687c93780d5ebe4b7808ac4\",\"name\":\"aretis2244\",\"sameAs\":[\"https:\/\/www.ecosens.ch\"],\"url\":\"https:\/\/www.ecosens.ch\/fr\/author\/aretis2244\/\"}]}<\/script>\n<!-- \/ Yoast SEO plugin. -->","yoast_head_json":{"title":"Passage \u00e0 faune de Rynetel - Ecosens AG","robots":{"index":"index","follow":"follow","max-snippet":"max-snippet:-1","max-image-preview":"max-image-preview:large","max-video-preview":"max-video-preview:-1"},"canonical":"https:\/\/www.ecosens.ch\/fr\/transfert-danimaux-sauvages-rynetel\/","og_locale":"fr_FR","og_type":"article","og_title":"Wildtier\u00fcberf\u00fchrung Rynetel - Ecosens AG","og_description":"Wildtierkorridore sind Teil der \u00f6kologischen Infrastruktur. Der Wildtierkorridor AG6 im Waldgebiet Rohr\u2013Rupperswil geh\u00f6rt zu den bedeutendsten der Schweiz. Die Wildtier\u00fcberf\u00fchrungen haben zum Ziel ein st\u00f6rungsfreies Wegnetz f\u00fcr Wildtiere \u00fcber die kantonalen Grenzen hinweg zu schaffen.","og_url":"https:\/\/www.ecosens.ch\/fr\/transfert-danimaux-sauvages-rynetel\/","og_site_name":"Ecosens AG","article_published_time":"2023-10-28T06:25:20+00:00","article_modified_time":"2023-11-01T14:45:18+00:00","og_image":[{"width":661,"height":441,"url":"https:\/\/www.ecosens.ch\/wp-content\/uploads\/2023\/06\/Rynetel-71780928.jpg","type":"image\/jpeg"}],"author":"aretis2244","twitter_card":"summary_large_image","twitter_misc":{"\u00c9crit par":"aretis2244","Dur\u00e9e de lecture estim\u00e9e":"1 minute"},"schema":{"@context":"https:\/\/schema.org","@graph":[{"@type":"Article","@id":"https:\/\/www.ecosens.ch\/wildtierueberfuehrung-rynetel\/#article","isPartOf":{"@id":"https:\/\/www.ecosens.ch\/wildtierueberfuehrung-rynetel\/"},"author":{"name":"aretis2244","@id":"https:\/\/www.ecosens.ch\/#\/schema\/person\/19cc311b5687c93780d5ebe4b7808ac4"},"headline":"Wildtier\u00fcberf\u00fchrung Rynetel","datePublished":"2023-10-28T06:25:20+00:00","dateModified":"2023-11-01T14:45:18+00:00","mainEntityOfPage":{"@id":"https:\/\/www.ecosens.ch\/wildtierueberfuehrung-rynetel\/"},"wordCount":220,"publisher":{"@id":"https:\/\/www.ecosens.ch\/#organization"},"image":{"@id":"https:\/\/www.ecosens.ch\/wildtierueberfuehrung-rynetel\/#primaryimage"},"thumbnailUrl":"https:\/\/www.ecosens.ch\/wp-content\/uploads\/2023\/06\/Rynetel-71780928.jpg","articleSection":["Uncategorized"],"inLanguage":"fr-FR"},{"@type":"WebPage","@id":"https:\/\/www.ecosens.ch\/wildtierueberfuehrung-rynetel\/","url":"https:\/\/www.ecosens.ch\/wildtierueberfuehrung-rynetel\/","name":"Passage \u00e0 faune de Rynetel - Ecosens AG","isPartOf":{"@id":"https:\/\/www.ecosens.ch\/#website"},"primaryImageOfPage":{"@id":"https:\/\/www.ecosens.ch\/wildtierueberfuehrung-rynetel\/#primaryimage"},"image":{"@id":"https:\/\/www.ecosens.ch\/wildtierueberfuehrung-rynetel\/#primaryimage"},"thumbnailUrl":"https:\/\/www.ecosens.ch\/wp-content\/uploads\/2023\/06\/Rynetel-71780928.jpg","datePublished":"2023-10-28T06:25:20+00:00","dateModified":"2023-11-01T14:45:18+00:00","breadcrumb":{"@id":"https:\/\/www.ecosens.ch\/wildtierueberfuehrung-rynetel\/#breadcrumb"},"inLanguage":"fr-FR","potentialAction":[{"@type":"ReadAction","target":["https:\/\/www.ecosens.ch\/wildtierueberfuehrung-rynetel\/"]}]},{"@type":"ImageObject","inLanguage":"fr-FR","@id":"https:\/\/www.ecosens.ch\/wildtierueberfuehrung-rynetel\/#primaryimage","url":"https:\/\/www.ecosens.ch\/wp-content\/uploads\/2023\/06\/Rynetel-71780928.jpg","contentUrl":"https:\/\/www.ecosens.ch\/wp-content\/uploads\/2023\/06\/Rynetel-71780928.jpg","width":661,"height":441},{"@type":"BreadcrumbList","@id":"https:\/\/www.ecosens.ch\/wildtierueberfuehrung-rynetel\/#breadcrumb","itemListElement":[{"@type":"ListItem","position":1,"name":"Startseite","item":"https:\/\/www.ecosens.ch\/"},{"@type":"ListItem","position":2,"name":"Wildtier\u00fcberf\u00fchrung Rynetel"}]},{"@type":"WebSite","@id":"https:\/\/www.ecosens.ch\/#website","url":"https:\/\/www.ecosens.ch\/","name":"Ecosens SA","description":"","publisher":{"@id":"https:\/\/www.ecosens.ch\/#organization"},"potentialAction":[{"@type":"SearchAction","target":{"@type":"EntryPoint","urlTemplate":"https:\/\/www.ecosens.ch\/?s={search_term_string}"},"query-input":{"@type":"PropertyValueSpecification","valueRequired":true,"valueName":"search_term_string"}}],"inLanguage":"fr-FR"},{"@type":"Organization","@id":"https:\/\/www.ecosens.ch\/#organization","name":"Ecosens SA","url":"https:\/\/www.ecosens.ch\/","logo":{"@type":"ImageObject","inLanguage":"fr-FR","@id":"https:\/\/www.ecosens.ch\/#\/schema\/logo\/image\/","url":"https:\/\/www.ecosens.ch\/wp-content\/uploads\/2023\/01\/logo.svg","contentUrl":"https:\/\/www.ecosens.ch\/wp-content\/uploads\/2023\/01\/logo.svg","width":226,"height":45,"caption":"Ecosens AG"},"image":{"@id":"https:\/\/www.ecosens.ch\/#\/schema\/logo\/image\/"}},{"@type":"Person","@id":"https:\/\/www.ecosens.ch\/#\/schema\/person\/19cc311b5687c93780d5ebe4b7808ac4","name":"aretis2244","sameAs":["https:\/\/www.ecosens.ch"],"url":"https:\/\/www.ecosens.ch\/fr\/author\/aretis2244\/"}]}},"_links":{"self":[{"href":"https:\/\/www.ecosens.ch\/fr\/wp-json\/wp\/v2\/posts\/6181","targetHints":{"allow":["GET"]}}],"collection":[{"href":"https:\/\/www.ecosens.ch\/fr\/wp-json\/wp\/v2\/posts"}],"about":[{"href":"https:\/\/www.ecosens.ch\/fr\/wp-json\/wp\/v2\/types\/post"}],"author":[{"embeddable":true,"href":"https:\/\/www.ecosens.ch\/fr\/wp-json\/wp\/v2\/users\/1"}],"replies":[{"embeddable":true,"href":"https:\/\/www.ecosens.ch\/fr\/wp-json\/wp\/v2\/comments?post=6181"}],"version-history":[{"count":5,"href":"https:\/\/www.ecosens.ch\/fr\/wp-json\/wp\/v2\/posts\/6181\/revisions"}],"predecessor-version":[{"id":7551,"href":"https:\/\/www.ecosens.ch\/fr\/wp-json\/wp\/v2\/posts\/6181\/revisions\/7551"}],"wp:featuredmedia":[{"embeddable":true,"href":"https:\/\/www.ecosens.ch\/fr\/wp-json\/wp\/v2\/media\/6182"}],"wp:attachment":[{"href":"https:\/\/www.ecosens.ch\/fr\/wp-json\/wp\/v2\/media?parent=6181"}],"wp:term":[{"taxonomy":"category","embeddable":true,"href":"https:\/\/www.ecosens.ch\/fr\/wp-json\/wp\/v2\/categories?post=6181"},{"taxonomy":"post_tag","embeddable":true,"href":"https:\/\/www.ecosens.ch\/fr\/wp-json\/wp\/v2\/tags?post=6181"},{"taxonomy":"post_folder","embeddable":true,"href":"https:\/\/www.ecosens.ch\/fr\/wp-json\/wp\/v2\/post_folder?post=6181"}],"curies":[{"name":"wp","href":"https:\/\/api.w.org\/{rel}","templated":true}]}}