{"id":10184,"date":"2024-11-13T16:32:12","date_gmt":"2024-11-13T15:32:12","guid":{"rendered":"https:\/\/www.ecosens.ch\/?p=10184"},"modified":"2024-11-14T10:36:46","modified_gmt":"2024-11-14T09:36:46","slug":"quand-le-lait-etait-empoisonne-par-les-insecticides-en-suisse-les-consequences-a-long-terme-de-lutilisation-intensive-de-produits-de-protection-du-bois-dans-les-annees-1960","status":"publish","type":"post","link":"https:\/\/www.ecosens.ch\/fr\/quand-le-lait-etait-empoisonne-par-les-insecticides-en-suisse-les-consequences-a-long-terme-de-lutilisation-intensive-de-produits-de-protection-du-bois-dans-les-annees-1960\/","title":{"rendered":"Quand le lait \u00e9tait empoisonn\u00e9 par les insecticides en Suisse - Les cons\u00e9quences \u00e0 long terme de l'utilisation intensive de produits de protection du bois dans les ann\u00e9es 1960"},"content":{"rendered":"","protected":false},"excerpt":{"rendered":"<p>Dans les ann\u00e9es 1960, de nombreuses \u00e9tables et granges ont \u00e9t\u00e9 trait\u00e9es en Suisse avec des produits de protection du bois. Il s'est rapidement av\u00e9r\u00e9 que ceux-ci pouvaient se retrouver dans le lait via le fourrage des vaches. A tel point que dans certaines exploitations agricoles, toute la production laiti\u00e8re a d\u00fb \u00eatre \u00e9limin\u00e9e. Mais aujourd'hui encore, on trouve des b\u00e2timents dont le bois est pollu\u00e9. Ce rapport d'exp\u00e9rience montre les d\u00e9fis que les experts doivent relever pour les objets concern\u00e9s.\u00a0<\/p>","protected":false},"author":3,"featured_media":10185,"comment_status":"closed","ping_status":"closed","sticky":false,"template":"","format":"standard","meta":{"_acf_changed":false,"footnotes":""},"categories":[1],"tags":[],"post_folder":[],"class_list":["post-10184","post","type-post","status-publish","format-standard","has-post-thumbnail","hentry","category-uncategorized"],"acf":[],"yoast_head":"<!-- This site is optimized with the Yoast SEO plugin v26.8 - https:\/\/yoast.com\/product\/yoast-seo-wordpress\/ -->\n<title>Als in der Schweiz die Milch mit Insektiziden vergiftet war - Die langj\u00e4hrigen Folgen des intensiven Einsatzes von Holzschutzmitteln in den 1960er-Jahren - Ecosens AG<\/title>\n<meta name=\"robots\" content=\"index, follow, max-snippet:-1, max-image-preview:large, max-video-preview:-1\" \/>\n<link rel=\"canonical\" href=\"https:\/\/www.ecosens.ch\/fr\/quand-le-lait-etait-empoisonne-par-les-insecticides-en-suisse-les-consequences-a-long-terme-de-lutilisation-intensive-de-produits-de-protection-du-bois-dans-les-annees-1960\/\" \/>\n<meta property=\"og:locale\" content=\"fr_FR\" \/>\n<meta property=\"og:type\" content=\"article\" \/>\n<meta property=\"og:title\" content=\"Als in der Schweiz die Milch mit Insektiziden vergiftet war - Die langj\u00e4hrigen Folgen des intensiven Einsatzes von Holzschutzmitteln in den 1960er-Jahren - Ecosens AG\" \/>\n<meta property=\"og:description\" content=\"In den 1960er-Jahren wurden in der Schweiz viele St\u00e4lle und Scheunen mit Holzschutzmitteln behandelt. Schnell stellte sich heraus, dass diese \u00fcber das Futter der K\u00fche in die Milch gelangen k\u00f6nnen. Das f\u00fchrte soweit, dass auf manchen Landwirtschaftsbetrieben die ganze Milchproduktion entsorgt werden musste. Aber auch heute findet man noch Geb\u00e4ude mit belastetem Holz. Dieser Erfahrungsbericht zeigt die Herausforderungen, die Gutachter bei entsprechenden Objekten angehen m\u00fcssen.\u00a0\" \/>\n<meta property=\"og:url\" content=\"https:\/\/www.ecosens.ch\/fr\/quand-le-lait-etait-empoisonne-par-les-insecticides-en-suisse-les-consequences-a-long-terme-de-lutilisation-intensive-de-produits-de-protection-du-bois-dans-les-annees-1960\/\" \/>\n<meta property=\"og:site_name\" content=\"Ecosens AG\" \/>\n<meta property=\"article:published_time\" content=\"2024-11-13T15:32:12+00:00\" \/>\n<meta property=\"article:modified_time\" content=\"2024-11-14T09:36:46+00:00\" \/>\n<meta property=\"og:image\" content=\"https:\/\/www.ecosens.ch\/wp-content\/uploads\/2024\/11\/Abbildung-1_Cartoon_Pestizid-in-Kaese-2.jpg\" \/>\n\t<meta property=\"og:image:width\" content=\"820\" \/>\n\t<meta property=\"og:image:height\" content=\"827\" \/>\n\t<meta property=\"og:image:type\" content=\"image\/jpeg\" \/>\n<meta name=\"author\" content=\"Sandra Bliggenstorfer\" \/>\n<meta name=\"twitter:card\" content=\"summary_large_image\" \/>\n<meta name=\"twitter:label1\" content=\"\u00c9crit par\" \/>\n\t<meta name=\"twitter:data1\" content=\"Sandra Bliggenstorfer\" \/>\n<script type=\"application\/ld+json\" class=\"yoast-schema-graph\">{\"@context\":\"https:\/\/schema.org\",\"@graph\":[{\"@type\":\"Article\",\"@id\":\"https:\/\/www.ecosens.ch\/als-in-der-schweiz-die-milch-mit-insektiziden-vergiftet-war-die-langjaehrigen-folgen-des-intensiven-einsatzes-von-holzschutzmitteln-in-den-1960er-jahren\/#article\",\"isPartOf\":{\"@id\":\"https:\/\/www.ecosens.ch\/als-in-der-schweiz-die-milch-mit-insektiziden-vergiftet-war-die-langjaehrigen-folgen-des-intensiven-einsatzes-von-holzschutzmitteln-in-den-1960er-jahren\/\"},\"author\":{\"name\":\"Sandra Bliggenstorfer\",\"@id\":\"https:\/\/www.ecosens.ch\/#\/schema\/person\/2ec206e25e3eeb2045e583c7738f3fd4\"},\"headline\":\"Als in der Schweiz die Milch mit Insektiziden vergiftet war &#8211; Die langj\u00e4hrigen Folgen des intensiven Einsatzes von Holzschutzmitteln in den 1960er-Jahren\",\"datePublished\":\"2024-11-13T15:32:12+00:00\",\"dateModified\":\"2024-11-14T09:36:46+00:00\",\"mainEntityOfPage\":{\"@id\":\"https:\/\/www.ecosens.ch\/als-in-der-schweiz-die-milch-mit-insektiziden-vergiftet-war-die-langjaehrigen-folgen-des-intensiven-einsatzes-von-holzschutzmitteln-in-den-1960er-jahren\/\"},\"wordCount\":23,\"publisher\":{\"@id\":\"https:\/\/www.ecosens.ch\/#organization\"},\"image\":{\"@id\":\"https:\/\/www.ecosens.ch\/als-in-der-schweiz-die-milch-mit-insektiziden-vergiftet-war-die-langjaehrigen-folgen-des-intensiven-einsatzes-von-holzschutzmitteln-in-den-1960er-jahren\/#primaryimage\"},\"thumbnailUrl\":\"https:\/\/www.ecosens.ch\/wp-content\/uploads\/2024\/11\/Abbildung-1_Cartoon_Pestizid-in-Kaese-2.jpg\",\"articleSection\":[\"Uncategorized\"],\"inLanguage\":\"fr-FR\"},{\"@type\":\"WebPage\",\"@id\":\"https:\/\/www.ecosens.ch\/als-in-der-schweiz-die-milch-mit-insektiziden-vergiftet-war-die-langjaehrigen-folgen-des-intensiven-einsatzes-von-holzschutzmitteln-in-den-1960er-jahren\/\",\"url\":\"https:\/\/www.ecosens.ch\/als-in-der-schweiz-die-milch-mit-insektiziden-vergiftet-war-die-langjaehrigen-folgen-des-intensiven-einsatzes-von-holzschutzmitteln-in-den-1960er-jahren\/\",\"name\":\"Als in der Schweiz die Milch mit Insektiziden vergiftet war - Die langj\u00e4hrigen Folgen des intensiven Einsatzes von Holzschutzmitteln in den 1960er-Jahren - Ecosens AG\",\"isPartOf\":{\"@id\":\"https:\/\/www.ecosens.ch\/#website\"},\"primaryImageOfPage\":{\"@id\":\"https:\/\/www.ecosens.ch\/als-in-der-schweiz-die-milch-mit-insektiziden-vergiftet-war-die-langjaehrigen-folgen-des-intensiven-einsatzes-von-holzschutzmitteln-in-den-1960er-jahren\/#primaryimage\"},\"image\":{\"@id\":\"https:\/\/www.ecosens.ch\/als-in-der-schweiz-die-milch-mit-insektiziden-vergiftet-war-die-langjaehrigen-folgen-des-intensiven-einsatzes-von-holzschutzmitteln-in-den-1960er-jahren\/#primaryimage\"},\"thumbnailUrl\":\"https:\/\/www.ecosens.ch\/wp-content\/uploads\/2024\/11\/Abbildung-1_Cartoon_Pestizid-in-Kaese-2.jpg\",\"datePublished\":\"2024-11-13T15:32:12+00:00\",\"dateModified\":\"2024-11-14T09:36:46+00:00\",\"breadcrumb\":{\"@id\":\"https:\/\/www.ecosens.ch\/als-in-der-schweiz-die-milch-mit-insektiziden-vergiftet-war-die-langjaehrigen-folgen-des-intensiven-einsatzes-von-holzschutzmitteln-in-den-1960er-jahren\/#breadcrumb\"},\"inLanguage\":\"fr-FR\",\"potentialAction\":[{\"@type\":\"ReadAction\",\"target\":[\"https:\/\/www.ecosens.ch\/als-in-der-schweiz-die-milch-mit-insektiziden-vergiftet-war-die-langjaehrigen-folgen-des-intensiven-einsatzes-von-holzschutzmitteln-in-den-1960er-jahren\/\"]}]},{\"@type\":\"ImageObject\",\"inLanguage\":\"fr-FR\",\"@id\":\"https:\/\/www.ecosens.ch\/als-in-der-schweiz-die-milch-mit-insektiziden-vergiftet-war-die-langjaehrigen-folgen-des-intensiven-einsatzes-von-holzschutzmitteln-in-den-1960er-jahren\/#primaryimage\",\"url\":\"https:\/\/www.ecosens.ch\/wp-content\/uploads\/2024\/11\/Abbildung-1_Cartoon_Pestizid-in-Kaese-2.jpg\",\"contentUrl\":\"https:\/\/www.ecosens.ch\/wp-content\/uploads\/2024\/11\/Abbildung-1_Cartoon_Pestizid-in-Kaese-2.jpg\",\"width\":820,\"height\":827},{\"@type\":\"BreadcrumbList\",\"@id\":\"https:\/\/www.ecosens.ch\/als-in-der-schweiz-die-milch-mit-insektiziden-vergiftet-war-die-langjaehrigen-folgen-des-intensiven-einsatzes-von-holzschutzmitteln-in-den-1960er-jahren\/#breadcrumb\",\"itemListElement\":[{\"@type\":\"ListItem\",\"position\":1,\"name\":\"Startseite\",\"item\":\"https:\/\/www.ecosens.ch\/\"},{\"@type\":\"ListItem\",\"position\":2,\"name\":\"Als in der Schweiz die Milch mit Insektiziden vergiftet war &#8211; Die langj\u00e4hrigen Folgen des intensiven Einsatzes von Holzschutzmitteln in den 1960er-Jahren\"}]},{\"@type\":\"WebSite\",\"@id\":\"https:\/\/www.ecosens.ch\/#website\",\"url\":\"https:\/\/www.ecosens.ch\/\",\"name\":\"Ecosens AG\",\"description\":\"\",\"publisher\":{\"@id\":\"https:\/\/www.ecosens.ch\/#organization\"},\"potentialAction\":[{\"@type\":\"SearchAction\",\"target\":{\"@type\":\"EntryPoint\",\"urlTemplate\":\"https:\/\/www.ecosens.ch\/?s={search_term_string}\"},\"query-input\":{\"@type\":\"PropertyValueSpecification\",\"valueRequired\":true,\"valueName\":\"search_term_string\"}}],\"inLanguage\":\"fr-FR\"},{\"@type\":\"Organization\",\"@id\":\"https:\/\/www.ecosens.ch\/#organization\",\"name\":\"Ecosens AG\",\"url\":\"https:\/\/www.ecosens.ch\/\",\"logo\":{\"@type\":\"ImageObject\",\"inLanguage\":\"fr-FR\",\"@id\":\"https:\/\/www.ecosens.ch\/#\/schema\/logo\/image\/\",\"url\":\"https:\/\/www.ecosens.ch\/wp-content\/uploads\/2023\/01\/logo.svg\",\"contentUrl\":\"https:\/\/www.ecosens.ch\/wp-content\/uploads\/2023\/01\/logo.svg\",\"width\":226,\"height\":45,\"caption\":\"Ecosens AG\"},\"image\":{\"@id\":\"https:\/\/www.ecosens.ch\/#\/schema\/logo\/image\/\"}},{\"@type\":\"Person\",\"@id\":\"https:\/\/www.ecosens.ch\/#\/schema\/person\/2ec206e25e3eeb2045e583c7738f3fd4\",\"name\":\"Sandra Bliggenstorfer\",\"url\":\"https:\/\/www.ecosens.ch\/fr\/author\/san73648\/\"}]}<\/script>\n<!-- \/ Yoast SEO plugin. -->","yoast_head_json":{"title":"Quand le lait \u00e9tait empoisonn\u00e9 par les insecticides en Suisse - Les cons\u00e9quences \u00e0 long terme de l'utilisation intensive de produits de protection du bois dans les ann\u00e9es 1960 - Ecosens AG","robots":{"index":"index","follow":"follow","max-snippet":"max-snippet:-1","max-image-preview":"max-image-preview:large","max-video-preview":"max-video-preview:-1"},"canonical":"https:\/\/www.ecosens.ch\/fr\/quand-le-lait-etait-empoisonne-par-les-insecticides-en-suisse-les-consequences-a-long-terme-de-lutilisation-intensive-de-produits-de-protection-du-bois-dans-les-annees-1960\/","og_locale":"fr_FR","og_type":"article","og_title":"Als in der Schweiz die Milch mit Insektiziden vergiftet war - Die langj\u00e4hrigen Folgen des intensiven Einsatzes von Holzschutzmitteln in den 1960er-Jahren - Ecosens AG","og_description":"In den 1960er-Jahren wurden in der Schweiz viele St\u00e4lle und Scheunen mit Holzschutzmitteln behandelt. Schnell stellte sich heraus, dass diese \u00fcber das Futter der K\u00fche in die Milch gelangen k\u00f6nnen. Das f\u00fchrte soweit, dass auf manchen Landwirtschaftsbetrieben die ganze Milchproduktion entsorgt werden musste. Aber auch heute findet man noch Geb\u00e4ude mit belastetem Holz. Dieser Erfahrungsbericht zeigt die Herausforderungen, die Gutachter bei entsprechenden Objekten angehen m\u00fcssen.\u00a0","og_url":"https:\/\/www.ecosens.ch\/fr\/quand-le-lait-etait-empoisonne-par-les-insecticides-en-suisse-les-consequences-a-long-terme-de-lutilisation-intensive-de-produits-de-protection-du-bois-dans-les-annees-1960\/","og_site_name":"Ecosens AG","article_published_time":"2024-11-13T15:32:12+00:00","article_modified_time":"2024-11-14T09:36:46+00:00","og_image":[{"width":820,"height":827,"url":"https:\/\/www.ecosens.ch\/wp-content\/uploads\/2024\/11\/Abbildung-1_Cartoon_Pestizid-in-Kaese-2.jpg","type":"image\/jpeg"}],"author":"Sandra Bliggenstorfer","twitter_card":"summary_large_image","twitter_misc":{"\u00c9crit par":"Sandra Bliggenstorfer"},"schema":{"@context":"https:\/\/schema.org","@graph":[{"@type":"Article","@id":"https:\/\/www.ecosens.ch\/als-in-der-schweiz-die-milch-mit-insektiziden-vergiftet-war-die-langjaehrigen-folgen-des-intensiven-einsatzes-von-holzschutzmitteln-in-den-1960er-jahren\/#article","isPartOf":{"@id":"https:\/\/www.ecosens.ch\/als-in-der-schweiz-die-milch-mit-insektiziden-vergiftet-war-die-langjaehrigen-folgen-des-intensiven-einsatzes-von-holzschutzmitteln-in-den-1960er-jahren\/"},"author":{"name":"Sandra Bliggenstorfer","@id":"https:\/\/www.ecosens.ch\/#\/schema\/person\/2ec206e25e3eeb2045e583c7738f3fd4"},"headline":"Als in der Schweiz die Milch mit Insektiziden vergiftet war &#8211; Die langj\u00e4hrigen Folgen des intensiven Einsatzes von Holzschutzmitteln in den 1960er-Jahren","datePublished":"2024-11-13T15:32:12+00:00","dateModified":"2024-11-14T09:36:46+00:00","mainEntityOfPage":{"@id":"https:\/\/www.ecosens.ch\/als-in-der-schweiz-die-milch-mit-insektiziden-vergiftet-war-die-langjaehrigen-folgen-des-intensiven-einsatzes-von-holzschutzmitteln-in-den-1960er-jahren\/"},"wordCount":23,"publisher":{"@id":"https:\/\/www.ecosens.ch\/#organization"},"image":{"@id":"https:\/\/www.ecosens.ch\/als-in-der-schweiz-die-milch-mit-insektiziden-vergiftet-war-die-langjaehrigen-folgen-des-intensiven-einsatzes-von-holzschutzmitteln-in-den-1960er-jahren\/#primaryimage"},"thumbnailUrl":"https:\/\/www.ecosens.ch\/wp-content\/uploads\/2024\/11\/Abbildung-1_Cartoon_Pestizid-in-Kaese-2.jpg","articleSection":["Uncategorized"],"inLanguage":"fr-FR"},{"@type":"WebPage","@id":"https:\/\/www.ecosens.ch\/als-in-der-schweiz-die-milch-mit-insektiziden-vergiftet-war-die-langjaehrigen-folgen-des-intensiven-einsatzes-von-holzschutzmitteln-in-den-1960er-jahren\/","url":"https:\/\/www.ecosens.ch\/als-in-der-schweiz-die-milch-mit-insektiziden-vergiftet-war-die-langjaehrigen-folgen-des-intensiven-einsatzes-von-holzschutzmitteln-in-den-1960er-jahren\/","name":"Quand le lait \u00e9tait empoisonn\u00e9 par les insecticides en Suisse - Les cons\u00e9quences \u00e0 long terme de l'utilisation intensive de produits de protection du bois dans les ann\u00e9es 1960 - Ecosens AG","isPartOf":{"@id":"https:\/\/www.ecosens.ch\/#website"},"primaryImageOfPage":{"@id":"https:\/\/www.ecosens.ch\/als-in-der-schweiz-die-milch-mit-insektiziden-vergiftet-war-die-langjaehrigen-folgen-des-intensiven-einsatzes-von-holzschutzmitteln-in-den-1960er-jahren\/#primaryimage"},"image":{"@id":"https:\/\/www.ecosens.ch\/als-in-der-schweiz-die-milch-mit-insektiziden-vergiftet-war-die-langjaehrigen-folgen-des-intensiven-einsatzes-von-holzschutzmitteln-in-den-1960er-jahren\/#primaryimage"},"thumbnailUrl":"https:\/\/www.ecosens.ch\/wp-content\/uploads\/2024\/11\/Abbildung-1_Cartoon_Pestizid-in-Kaese-2.jpg","datePublished":"2024-11-13T15:32:12+00:00","dateModified":"2024-11-14T09:36:46+00:00","breadcrumb":{"@id":"https:\/\/www.ecosens.ch\/als-in-der-schweiz-die-milch-mit-insektiziden-vergiftet-war-die-langjaehrigen-folgen-des-intensiven-einsatzes-von-holzschutzmitteln-in-den-1960er-jahren\/#breadcrumb"},"inLanguage":"fr-FR","potentialAction":[{"@type":"ReadAction","target":["https:\/\/www.ecosens.ch\/als-in-der-schweiz-die-milch-mit-insektiziden-vergiftet-war-die-langjaehrigen-folgen-des-intensiven-einsatzes-von-holzschutzmitteln-in-den-1960er-jahren\/"]}]},{"@type":"ImageObject","inLanguage":"fr-FR","@id":"https:\/\/www.ecosens.ch\/als-in-der-schweiz-die-milch-mit-insektiziden-vergiftet-war-die-langjaehrigen-folgen-des-intensiven-einsatzes-von-holzschutzmitteln-in-den-1960er-jahren\/#primaryimage","url":"https:\/\/www.ecosens.ch\/wp-content\/uploads\/2024\/11\/Abbildung-1_Cartoon_Pestizid-in-Kaese-2.jpg","contentUrl":"https:\/\/www.ecosens.ch\/wp-content\/uploads\/2024\/11\/Abbildung-1_Cartoon_Pestizid-in-Kaese-2.jpg","width":820,"height":827},{"@type":"BreadcrumbList","@id":"https:\/\/www.ecosens.ch\/als-in-der-schweiz-die-milch-mit-insektiziden-vergiftet-war-die-langjaehrigen-folgen-des-intensiven-einsatzes-von-holzschutzmitteln-in-den-1960er-jahren\/#breadcrumb","itemListElement":[{"@type":"ListItem","position":1,"name":"Startseite","item":"https:\/\/www.ecosens.ch\/"},{"@type":"ListItem","position":2,"name":"Als in der Schweiz die Milch mit Insektiziden vergiftet war &#8211; Die langj\u00e4hrigen Folgen des intensiven Einsatzes von Holzschutzmitteln in den 1960er-Jahren"}]},{"@type":"WebSite","@id":"https:\/\/www.ecosens.ch\/#website","url":"https:\/\/www.ecosens.ch\/","name":"Ecosens SA","description":"","publisher":{"@id":"https:\/\/www.ecosens.ch\/#organization"},"potentialAction":[{"@type":"SearchAction","target":{"@type":"EntryPoint","urlTemplate":"https:\/\/www.ecosens.ch\/?s={search_term_string}"},"query-input":{"@type":"PropertyValueSpecification","valueRequired":true,"valueName":"search_term_string"}}],"inLanguage":"fr-FR"},{"@type":"Organization","@id":"https:\/\/www.ecosens.ch\/#organization","name":"Ecosens SA","url":"https:\/\/www.ecosens.ch\/","logo":{"@type":"ImageObject","inLanguage":"fr-FR","@id":"https:\/\/www.ecosens.ch\/#\/schema\/logo\/image\/","url":"https:\/\/www.ecosens.ch\/wp-content\/uploads\/2023\/01\/logo.svg","contentUrl":"https:\/\/www.ecosens.ch\/wp-content\/uploads\/2023\/01\/logo.svg","width":226,"height":45,"caption":"Ecosens AG"},"image":{"@id":"https:\/\/www.ecosens.ch\/#\/schema\/logo\/image\/"}},{"@type":"Person","@id":"https:\/\/www.ecosens.ch\/#\/schema\/person\/2ec206e25e3eeb2045e583c7738f3fd4","name":"Sandra Bliggenstorfer","url":"https:\/\/www.ecosens.ch\/fr\/author\/san73648\/"}]}},"_links":{"self":[{"href":"https:\/\/www.ecosens.ch\/fr\/wp-json\/wp\/v2\/posts\/10184","targetHints":{"allow":["GET"]}}],"collection":[{"href":"https:\/\/www.ecosens.ch\/fr\/wp-json\/wp\/v2\/posts"}],"about":[{"href":"https:\/\/www.ecosens.ch\/fr\/wp-json\/wp\/v2\/types\/post"}],"author":[{"embeddable":true,"href":"https:\/\/www.ecosens.ch\/fr\/wp-json\/wp\/v2\/users\/3"}],"replies":[{"embeddable":true,"href":"https:\/\/www.ecosens.ch\/fr\/wp-json\/wp\/v2\/comments?post=10184"}],"version-history":[{"count":7,"href":"https:\/\/www.ecosens.ch\/fr\/wp-json\/wp\/v2\/posts\/10184\/revisions"}],"predecessor-version":[{"id":10196,"href":"https:\/\/www.ecosens.ch\/fr\/wp-json\/wp\/v2\/posts\/10184\/revisions\/10196"}],"wp:featuredmedia":[{"embeddable":true,"href":"https:\/\/www.ecosens.ch\/fr\/wp-json\/wp\/v2\/media\/10185"}],"wp:attachment":[{"href":"https:\/\/www.ecosens.ch\/fr\/wp-json\/wp\/v2\/media?parent=10184"}],"wp:term":[{"taxonomy":"category","embeddable":true,"href":"https:\/\/www.ecosens.ch\/fr\/wp-json\/wp\/v2\/categories?post=10184"},{"taxonomy":"post_tag","embeddable":true,"href":"https:\/\/www.ecosens.ch\/fr\/wp-json\/wp\/v2\/tags?post=10184"},{"taxonomy":"post_folder","embeddable":true,"href":"https:\/\/www.ecosens.ch\/fr\/wp-json\/wp\/v2\/post_folder?post=10184"}],"curies":[{"name":"wp","href":"https:\/\/api.w.org\/{rel}","templated":true}]}}