{"id":8453,"date":"2023-10-31T10:50:37","date_gmt":"2023-10-31T09:50:37","guid":{"rendered":"https:\/\/ecosens.aretis-staging.ch\/2023\/10\/31\/das-altlastenprogramm-des-kantons-zuerich-und-kostenverteilungen-copy-copy\/"},"modified":"2024-11-12T10:30:23","modified_gmt":"2024-11-12T09:30:23","slug":"heating-plant-aubrugg","status":"publish","type":"post","link":"https:\/\/www.ecosens.ch\/en\/heating-plant-aubrugg\/","title":{"rendered":"Aubrugg cogeneration plant"},"content":{"rendered":"<div data-elementor-type=\"wp-post\" data-elementor-id=\"8453\" class=\"elementor elementor-8453\" data-elementor-post-type=\"post\">\n\t\t\t\t\t\t<section class=\"elementor-section elementor-top-section elementor-element elementor-element-606294e elementor-section-boxed elementor-section-height-default elementor-section-height-default\" data-id=\"606294e\" data-element_type=\"section\" data-settings=\"{&quot;background_background&quot;:&quot;classic&quot;}\">\n\t\t\t\t\t\t\t<div class=\"elementor-background-overlay\"><\/div>\n\t\t\t\t\t\t\t<div class=\"elementor-container elementor-column-gap-default\">\n\t\t\t\t\t<div class=\"elementor-column elementor-col-100 elementor-top-column elementor-element elementor-element-c107642 elementor-invisible\" data-id=\"c107642\" data-element_type=\"column\" data-settings=\"{&quot;animation&quot;:&quot;fadeInDown&quot;}\">\n\t\t\t<div class=\"elementor-widget-wrap elementor-element-populated\">\n\t\t\t\t\t\t<div class=\"elementor-element elementor-element-dba6e94 elementor-widget elementor-widget-heading\" data-id=\"dba6e94\" data-element_type=\"widget\" data-widget_type=\"heading.default\">\n\t\t\t\t<div class=\"elementor-widget-container\">\n\t\t\t\t\t<h1 class=\"elementor-heading-title elementor-size-default\">Aubrugg cogeneration plant<\/h1>\t\t\t\t<\/div>\n\t\t\t\t<\/div>\n\t\t\t\t<div class=\"elementor-element elementor-element-34ac021 elementor-widget-divider--view-line elementor-widget elementor-widget-divider\" data-id=\"34ac021\" data-element_type=\"widget\" data-widget_type=\"divider.default\">\n\t\t\t\t<div class=\"elementor-widget-container\">\n\t\t\t\t\t\t\t<div class=\"elementor-divider\">\n\t\t\t<span class=\"elementor-divider-separator\">\n\t\t\t\t\t\t<\/span>\n\t\t<\/div>\n\t\t\t\t\t\t<\/div>\n\t\t\t\t<\/div>\n\t\t\t\t\t<\/div>\n\t\t<\/div>\n\t\t\t\t\t<\/div>\n\t\t<\/section>\n\t\t<div class=\"elementor-element elementor-element-35ce2d1 e-flex e-con-boxed e-con e-parent\" data-id=\"35ce2d1\" data-element_type=\"container\">\n\t\t\t\t\t<div class=\"e-con-inner\">\n\t\t<div class=\"elementor-element elementor-element-741b1b3 e-con-full e-flex e-con e-parent\" data-id=\"741b1b3\" data-element_type=\"container\">\n\t\t\t\t<div class=\"elementor-element elementor-element-2dc868d elementor-widget elementor-widget-text-editor\" data-id=\"2dc868d\" data-element_type=\"widget\" data-widget_type=\"text-editor.default\">\n\t\t\t\t<div class=\"elementor-widget-container\">\n\t\t\t\t\t\t\t\t\t<p>Entsorgung + Recycling Z\u00fcrich (ERZ) commissioned Ecosens to record and technically assess the situation regarding pollution\/exposure of employees at the Aubrugg facilities.<\/p><p>The Aubrugg cogeneration plant, a large, complex industrial building, is integrated into the second-largest district heating network in Switzerland and is located in the highway triangle between the city of Zurich and the municipality of Walisellen. The entire energy channel (Aubrugg to W\u00e4sserwiese) is a 6 km long tunnel for supplying district heating to the city of Zurich.<br \/>In order to determine the hazards for future maintenance and renovation work, the exposure to recumbent dust in the systems was recorded and evaluated using adhesive sample campaigns. This was done in collaboration with SUVA and ERZ.<br \/>In consultation with SUVA and with precise specifications, pilot refurbishments and cleanings (section by section) were carried out, which Ecosens accompanied with planning, technical and measurement support. Ecosens used the resulting findings to develop a safety concept for future refurbishment or cleaning work.<\/p><p>Contact person<br \/><b><a href=\"https:\/\/www.ecosens.ch\/en\/contact\/michael-ehmann\/\">Michael Ehmann<\/a><br \/><\/b>Project manager for building pollutants<br \/><br \/><\/p>\t\t\t\t\t\t\t\t<\/div>\n\t\t\t\t<\/div>\n\t\t\t\t<\/div>\n\t\t<div class=\"elementor-element elementor-element-a5c4c08 e-con-full e-flex e-con e-parent\" data-id=\"a5c4c08\" data-element_type=\"container\">\n\t\t\t\t<div class=\"elementor-element elementor-element-1e2eb14 elementor-widget elementor-widget-theme-post-featured-image elementor-widget-image\" data-id=\"1e2eb14\" data-element_type=\"widget\" data-widget_type=\"theme-post-featured-image.default\">\n\t\t\t\t<div class=\"elementor-widget-container\">\n\t\t\t\t\t\t\t\t\t\t\t\t\t\t\t<img fetchpriority=\"high\" decoding=\"async\" width=\"328\" height=\"445\" src=\"https:\/\/www.ecosens.ch\/wp-content\/uploads\/2023\/10\/Pic-1.jpg\" class=\"attachment-full size-full wp-image-8452\" alt=\"\" srcset=\"https:\/\/www.ecosens.ch\/wp-content\/uploads\/2023\/10\/Pic-1.jpg 328w, https:\/\/www.ecosens.ch\/wp-content\/uploads\/2023\/10\/Pic-1-221x300.jpg 221w, https:\/\/www.ecosens.ch\/wp-content\/uploads\/2023\/10\/Pic-1-9x12.jpg 9w\" sizes=\"(max-width: 328px) 100vw, 328px\" \/>\t\t\t\t\t\t\t\t\t\t\t\t\t\t\t<\/div>\n\t\t\t\t<\/div>\n\t\t\t\t<\/div>\n\t\t\t\t\t<\/div>\n\t\t\t\t<\/div>\n\t\t\t\t<\/div>","protected":false},"excerpt":{"rendered":"<p>Recently, the Office for Waste, Water, Energy and Air (AWEL) presented its interim report on the contaminated site program of the Canton of Zurich. The report contains many interesting facts about the enforcement of the law on contaminated sites in the Swiss canton that has the highest number of entries in the cadastre of contaminated sites (5,740).<\/p>","protected":false},"author":3,"featured_media":8452,"comment_status":"closed","ping_status":"open","sticky":false,"template":"","format":"standard","meta":{"_acf_changed":false,"footnotes":""},"categories":[1],"tags":[106],"post_folder":[],"class_list":["post-8453","post","type-post","status-publish","format-standard","has-post-thumbnail","hentry","category-uncategorized","tag-elementor"],"acf":[],"yoast_head":"<!-- This site is optimized with the Yoast SEO plugin v26.8 - https:\/\/yoast.com\/product\/yoast-seo-wordpress\/ -->\n<title>Heizkraftwerk Aubrugg - Ecosens AG<\/title>\n<meta name=\"robots\" content=\"index, follow, max-snippet:-1, max-image-preview:large, max-video-preview:-1\" \/>\n<link rel=\"canonical\" href=\"https:\/\/www.ecosens.ch\/en\/heating-plant-aubrugg\/\" \/>\n<meta property=\"og:locale\" content=\"en_US\" \/>\n<meta property=\"og:type\" content=\"article\" \/>\n<meta property=\"og:title\" content=\"Heizkraftwerk Aubrugg - Ecosens AG\" \/>\n<meta property=\"og:description\" content=\"K\u00fcrzlich hat das Amt f\u00fcr Abfall, Wasser, Energie und Luft (AWEL) seinen Zwischenbericht \u00fcber das Altlastenprogramm des Kantons Z\u00fcrich vorgestellt. Darin finden sich viele interessante Hinweise auf den Vollzug des Altlastenrechts in jenem Kanton der Schweiz, welcher mit 5&#039;740 die meisten Eintr\u00e4ge im Kataster der belasteten Standorte erfasst hat.\" \/>\n<meta property=\"og:url\" content=\"https:\/\/www.ecosens.ch\/en\/heating-plant-aubrugg\/\" \/>\n<meta property=\"og:site_name\" content=\"Ecosens AG\" \/>\n<meta property=\"article:published_time\" content=\"2023-10-31T09:50:37+00:00\" \/>\n<meta property=\"article:modified_time\" content=\"2024-11-12T09:30:23+00:00\" \/>\n<meta property=\"og:image\" content=\"https:\/\/www.ecosens.ch\/wp-content\/uploads\/2023\/10\/Pic-1.jpg\" \/>\n\t<meta property=\"og:image:width\" content=\"328\" \/>\n\t<meta property=\"og:image:height\" content=\"445\" \/>\n\t<meta property=\"og:image:type\" content=\"image\/jpeg\" \/>\n<meta name=\"author\" content=\"Sandra Bliggenstorfer\" \/>\n<meta name=\"twitter:card\" content=\"summary_large_image\" \/>\n<meta name=\"twitter:label1\" content=\"Written by\" \/>\n\t<meta name=\"twitter:data1\" content=\"Sandra Bliggenstorfer\" \/>\n\t<meta name=\"twitter:label2\" content=\"Est. reading time\" \/>\n\t<meta name=\"twitter:data2\" content=\"1 minute\" \/>\n<script type=\"application\/ld+json\" class=\"yoast-schema-graph\">{\"@context\":\"https:\/\/schema.org\",\"@graph\":[{\"@type\":\"Article\",\"@id\":\"https:\/\/www.ecosens.ch\/heizkraftwerg-aubrugg\/#article\",\"isPartOf\":{\"@id\":\"https:\/\/www.ecosens.ch\/heizkraftwerg-aubrugg\/\"},\"author\":{\"name\":\"Sandra Bliggenstorfer\",\"@id\":\"https:\/\/www.ecosens.ch\/#\/schema\/person\/2ec206e25e3eeb2045e583c7738f3fd4\"},\"headline\":\"Heizkraftwerk Aubrugg\",\"datePublished\":\"2023-10-31T09:50:37+00:00\",\"dateModified\":\"2024-11-12T09:30:23+00:00\",\"mainEntityOfPage\":{\"@id\":\"https:\/\/www.ecosens.ch\/heizkraftwerg-aubrugg\/\"},\"wordCount\":155,\"publisher\":{\"@id\":\"https:\/\/www.ecosens.ch\/#organization\"},\"image\":{\"@id\":\"https:\/\/www.ecosens.ch\/heizkraftwerg-aubrugg\/#primaryimage\"},\"thumbnailUrl\":\"https:\/\/www.ecosens.ch\/wp-content\/uploads\/2023\/10\/Pic-1.jpg\",\"keywords\":[\"Elementor\"],\"inLanguage\":\"en-US\"},{\"@type\":\"WebPage\",\"@id\":\"https:\/\/www.ecosens.ch\/heizkraftwerg-aubrugg\/\",\"url\":\"https:\/\/www.ecosens.ch\/heizkraftwerg-aubrugg\/\",\"name\":\"Heizkraftwerk Aubrugg - Ecosens AG\",\"isPartOf\":{\"@id\":\"https:\/\/www.ecosens.ch\/#website\"},\"primaryImageOfPage\":{\"@id\":\"https:\/\/www.ecosens.ch\/heizkraftwerg-aubrugg\/#primaryimage\"},\"image\":{\"@id\":\"https:\/\/www.ecosens.ch\/heizkraftwerg-aubrugg\/#primaryimage\"},\"thumbnailUrl\":\"https:\/\/www.ecosens.ch\/wp-content\/uploads\/2023\/10\/Pic-1.jpg\",\"datePublished\":\"2023-10-31T09:50:37+00:00\",\"dateModified\":\"2024-11-12T09:30:23+00:00\",\"breadcrumb\":{\"@id\":\"https:\/\/www.ecosens.ch\/heizkraftwerg-aubrugg\/#breadcrumb\"},\"inLanguage\":\"en-US\",\"potentialAction\":[{\"@type\":\"ReadAction\",\"target\":[\"https:\/\/www.ecosens.ch\/heizkraftwerg-aubrugg\/\"]}]},{\"@type\":\"ImageObject\",\"inLanguage\":\"en-US\",\"@id\":\"https:\/\/www.ecosens.ch\/heizkraftwerg-aubrugg\/#primaryimage\",\"url\":\"https:\/\/www.ecosens.ch\/wp-content\/uploads\/2023\/10\/Pic-1.jpg\",\"contentUrl\":\"https:\/\/www.ecosens.ch\/wp-content\/uploads\/2023\/10\/Pic-1.jpg\",\"width\":328,\"height\":445},{\"@type\":\"BreadcrumbList\",\"@id\":\"https:\/\/www.ecosens.ch\/heizkraftwerg-aubrugg\/#breadcrumb\",\"itemListElement\":[{\"@type\":\"ListItem\",\"position\":1,\"name\":\"Startseite\",\"item\":\"https:\/\/www.ecosens.ch\/\"},{\"@type\":\"ListItem\",\"position\":2,\"name\":\"Heizkraftwerk Aubrugg\"}]},{\"@type\":\"WebSite\",\"@id\":\"https:\/\/www.ecosens.ch\/#website\",\"url\":\"https:\/\/www.ecosens.ch\/\",\"name\":\"Ecosens AG\",\"description\":\"\",\"publisher\":{\"@id\":\"https:\/\/www.ecosens.ch\/#organization\"},\"potentialAction\":[{\"@type\":\"SearchAction\",\"target\":{\"@type\":\"EntryPoint\",\"urlTemplate\":\"https:\/\/www.ecosens.ch\/?s={search_term_string}\"},\"query-input\":{\"@type\":\"PropertyValueSpecification\",\"valueRequired\":true,\"valueName\":\"search_term_string\"}}],\"inLanguage\":\"en-US\"},{\"@type\":\"Organization\",\"@id\":\"https:\/\/www.ecosens.ch\/#organization\",\"name\":\"Ecosens AG\",\"url\":\"https:\/\/www.ecosens.ch\/\",\"logo\":{\"@type\":\"ImageObject\",\"inLanguage\":\"en-US\",\"@id\":\"https:\/\/www.ecosens.ch\/#\/schema\/logo\/image\/\",\"url\":\"https:\/\/www.ecosens.ch\/wp-content\/uploads\/2023\/01\/logo.svg\",\"contentUrl\":\"https:\/\/www.ecosens.ch\/wp-content\/uploads\/2023\/01\/logo.svg\",\"width\":226,\"height\":45,\"caption\":\"Ecosens AG\"},\"image\":{\"@id\":\"https:\/\/www.ecosens.ch\/#\/schema\/logo\/image\/\"}},{\"@type\":\"Person\",\"@id\":\"https:\/\/www.ecosens.ch\/#\/schema\/person\/2ec206e25e3eeb2045e583c7738f3fd4\",\"name\":\"Sandra Bliggenstorfer\",\"url\":\"https:\/\/www.ecosens.ch\/en\/author\/san73648\/\"}]}<\/script>\n<!-- \/ Yoast SEO plugin. -->","yoast_head_json":{"title":"Aubrugg combined heat and power plant - Ecosens AG","robots":{"index":"index","follow":"follow","max-snippet":"max-snippet:-1","max-image-preview":"max-image-preview:large","max-video-preview":"max-video-preview:-1"},"canonical":"https:\/\/www.ecosens.ch\/en\/heating-plant-aubrugg\/","og_locale":"en_US","og_type":"article","og_title":"Heizkraftwerk Aubrugg - Ecosens AG","og_description":"K\u00fcrzlich hat das Amt f\u00fcr Abfall, Wasser, Energie und Luft (AWEL) seinen Zwischenbericht \u00fcber das Altlastenprogramm des Kantons Z\u00fcrich vorgestellt. Darin finden sich viele interessante Hinweise auf den Vollzug des Altlastenrechts in jenem Kanton der Schweiz, welcher mit 5'740 die meisten Eintr\u00e4ge im Kataster der belasteten Standorte erfasst hat.","og_url":"https:\/\/www.ecosens.ch\/en\/heating-plant-aubrugg\/","og_site_name":"Ecosens AG","article_published_time":"2023-10-31T09:50:37+00:00","article_modified_time":"2024-11-12T09:30:23+00:00","og_image":[{"width":328,"height":445,"url":"https:\/\/www.ecosens.ch\/wp-content\/uploads\/2023\/10\/Pic-1.jpg","type":"image\/jpeg"}],"author":"Sandra Bliggenstorfer","twitter_card":"summary_large_image","twitter_misc":{"Written by":"Sandra Bliggenstorfer","Est. reading time":"1 minute"},"schema":{"@context":"https:\/\/schema.org","@graph":[{"@type":"Article","@id":"https:\/\/www.ecosens.ch\/heizkraftwerg-aubrugg\/#article","isPartOf":{"@id":"https:\/\/www.ecosens.ch\/heizkraftwerg-aubrugg\/"},"author":{"name":"Sandra Bliggenstorfer","@id":"https:\/\/www.ecosens.ch\/#\/schema\/person\/2ec206e25e3eeb2045e583c7738f3fd4"},"headline":"Heizkraftwerk Aubrugg","datePublished":"2023-10-31T09:50:37+00:00","dateModified":"2024-11-12T09:30:23+00:00","mainEntityOfPage":{"@id":"https:\/\/www.ecosens.ch\/heizkraftwerg-aubrugg\/"},"wordCount":155,"publisher":{"@id":"https:\/\/www.ecosens.ch\/#organization"},"image":{"@id":"https:\/\/www.ecosens.ch\/heizkraftwerg-aubrugg\/#primaryimage"},"thumbnailUrl":"https:\/\/www.ecosens.ch\/wp-content\/uploads\/2023\/10\/Pic-1.jpg","keywords":["Elementor"],"inLanguage":"en-US"},{"@type":"WebPage","@id":"https:\/\/www.ecosens.ch\/heizkraftwerg-aubrugg\/","url":"https:\/\/www.ecosens.ch\/heizkraftwerg-aubrugg\/","name":"Aubrugg combined heat and power plant - Ecosens AG","isPartOf":{"@id":"https:\/\/www.ecosens.ch\/#website"},"primaryImageOfPage":{"@id":"https:\/\/www.ecosens.ch\/heizkraftwerg-aubrugg\/#primaryimage"},"image":{"@id":"https:\/\/www.ecosens.ch\/heizkraftwerg-aubrugg\/#primaryimage"},"thumbnailUrl":"https:\/\/www.ecosens.ch\/wp-content\/uploads\/2023\/10\/Pic-1.jpg","datePublished":"2023-10-31T09:50:37+00:00","dateModified":"2024-11-12T09:30:23+00:00","breadcrumb":{"@id":"https:\/\/www.ecosens.ch\/heizkraftwerg-aubrugg\/#breadcrumb"},"inLanguage":"en-US","potentialAction":[{"@type":"ReadAction","target":["https:\/\/www.ecosens.ch\/heizkraftwerg-aubrugg\/"]}]},{"@type":"ImageObject","inLanguage":"en-US","@id":"https:\/\/www.ecosens.ch\/heizkraftwerg-aubrugg\/#primaryimage","url":"https:\/\/www.ecosens.ch\/wp-content\/uploads\/2023\/10\/Pic-1.jpg","contentUrl":"https:\/\/www.ecosens.ch\/wp-content\/uploads\/2023\/10\/Pic-1.jpg","width":328,"height":445},{"@type":"BreadcrumbList","@id":"https:\/\/www.ecosens.ch\/heizkraftwerg-aubrugg\/#breadcrumb","itemListElement":[{"@type":"ListItem","position":1,"name":"Startseite","item":"https:\/\/www.ecosens.ch\/"},{"@type":"ListItem","position":2,"name":"Heizkraftwerk Aubrugg"}]},{"@type":"WebSite","@id":"https:\/\/www.ecosens.ch\/#website","url":"https:\/\/www.ecosens.ch\/","name":"Ecosens AG","description":"","publisher":{"@id":"https:\/\/www.ecosens.ch\/#organization"},"potentialAction":[{"@type":"SearchAction","target":{"@type":"EntryPoint","urlTemplate":"https:\/\/www.ecosens.ch\/?s={search_term_string}"},"query-input":{"@type":"PropertyValueSpecification","valueRequired":true,"valueName":"search_term_string"}}],"inLanguage":"en-US"},{"@type":"Organization","@id":"https:\/\/www.ecosens.ch\/#organization","name":"Ecosens AG","url":"https:\/\/www.ecosens.ch\/","logo":{"@type":"ImageObject","inLanguage":"en-US","@id":"https:\/\/www.ecosens.ch\/#\/schema\/logo\/image\/","url":"https:\/\/www.ecosens.ch\/wp-content\/uploads\/2023\/01\/logo.svg","contentUrl":"https:\/\/www.ecosens.ch\/wp-content\/uploads\/2023\/01\/logo.svg","width":226,"height":45,"caption":"Ecosens AG"},"image":{"@id":"https:\/\/www.ecosens.ch\/#\/schema\/logo\/image\/"}},{"@type":"Person","@id":"https:\/\/www.ecosens.ch\/#\/schema\/person\/2ec206e25e3eeb2045e583c7738f3fd4","name":"Sandra Bliggenstorfer","url":"https:\/\/www.ecosens.ch\/en\/author\/san73648\/"}]}},"_links":{"self":[{"href":"https:\/\/www.ecosens.ch\/en\/wp-json\/wp\/v2\/posts\/8453","targetHints":{"allow":["GET"]}}],"collection":[{"href":"https:\/\/www.ecosens.ch\/en\/wp-json\/wp\/v2\/posts"}],"about":[{"href":"https:\/\/www.ecosens.ch\/en\/wp-json\/wp\/v2\/types\/post"}],"author":[{"embeddable":true,"href":"https:\/\/www.ecosens.ch\/en\/wp-json\/wp\/v2\/users\/3"}],"replies":[{"embeddable":true,"href":"https:\/\/www.ecosens.ch\/en\/wp-json\/wp\/v2\/comments?post=8453"}],"version-history":[{"count":5,"href":"https:\/\/www.ecosens.ch\/en\/wp-json\/wp\/v2\/posts\/8453\/revisions"}],"predecessor-version":[{"id":8479,"href":"https:\/\/www.ecosens.ch\/en\/wp-json\/wp\/v2\/posts\/8453\/revisions\/8479"}],"wp:featuredmedia":[{"embeddable":true,"href":"https:\/\/www.ecosens.ch\/en\/wp-json\/wp\/v2\/media\/8452"}],"wp:attachment":[{"href":"https:\/\/www.ecosens.ch\/en\/wp-json\/wp\/v2\/media?parent=8453"}],"wp:term":[{"taxonomy":"category","embeddable":true,"href":"https:\/\/www.ecosens.ch\/en\/wp-json\/wp\/v2\/categories?post=8453"},{"taxonomy":"post_tag","embeddable":true,"href":"https:\/\/www.ecosens.ch\/en\/wp-json\/wp\/v2\/tags?post=8453"},{"taxonomy":"post_folder","embeddable":true,"href":"https:\/\/www.ecosens.ch\/en\/wp-json\/wp\/v2\/post_folder?post=8453"}],"curies":[{"name":"wp","href":"https:\/\/api.w.org\/{rel}","templated":true}]}}