{"id":3484,"date":"2023-10-28T08:50:19","date_gmt":"2023-10-28T06:50:19","guid":{"rendered":"https:\/\/ecosens.aretis-staging.ch\/?p=3484"},"modified":"2024-11-12T10:30:23","modified_gmt":"2024-11-12T09:30:23","slug":"gi-good-indoor-climate-2","status":"publish","type":"post","link":"https:\/\/www.ecosens.ch\/en\/gi-good-indoor-climate-2\/","title":{"rendered":"GI Good indoor climate"},"content":{"rendered":"<div data-elementor-type=\"wp-post\" data-elementor-id=\"3484\" class=\"elementor elementor-3484\" data-elementor-post-type=\"post\">\n\t\t\t\t\t\t<section class=\"elementor-section elementor-top-section elementor-element elementor-element-1886d2 elementor-section-boxed elementor-section-height-default elementor-section-height-default\" data-id=\"1886d2\" data-element_type=\"section\" data-settings=\"{&quot;background_background&quot;:&quot;classic&quot;}\">\n\t\t\t\t\t\t\t<div class=\"elementor-background-overlay\"><\/div>\n\t\t\t\t\t\t\t<div class=\"elementor-container elementor-column-gap-default\">\n\t\t\t\t\t<div class=\"elementor-column elementor-col-100 elementor-top-column elementor-element elementor-element-374bf6e2 elementor-invisible\" data-id=\"374bf6e2\" data-element_type=\"column\" data-settings=\"{&quot;animation&quot;:&quot;fadeInDown&quot;}\">\n\t\t\t<div class=\"elementor-widget-wrap elementor-element-populated\">\n\t\t\t\t\t\t<div class=\"elementor-element elementor-element-784a03f0 elementor-widget elementor-widget-heading\" data-id=\"784a03f0\" data-element_type=\"widget\" data-widget_type=\"heading.default\">\n\t\t\t\t<div class=\"elementor-widget-container\">\n\t\t\t\t\t<h1 class=\"elementor-heading-title elementor-size-default\">\nGI Good indoor climate\n<\/h1>\t\t\t\t<\/div>\n\t\t\t\t<\/div>\n\t\t\t\t<div class=\"elementor-element elementor-element-2f62d3bf elementor-widget elementor-widget-heading\" data-id=\"2f62d3bf\" data-element_type=\"widget\" data-widget_type=\"heading.default\">\n\t\t\t\t<div class=\"elementor-widget-container\">\n\t\t\t\t\t<h4 class=\"elementor-heading-title elementor-size-default\">Highest demands on indoor air quality<\/h4>\t\t\t\t<\/div>\n\t\t\t\t<\/div>\n\t\t\t\t<div class=\"elementor-element elementor-element-5c7b6c13 elementor-widget-divider--view-line elementor-widget elementor-widget-divider\" data-id=\"5c7b6c13\" data-element_type=\"widget\" data-widget_type=\"divider.default\">\n\t\t\t\t<div class=\"elementor-widget-container\">\n\t\t\t\t\t\t\t<div class=\"elementor-divider\">\n\t\t\t<span class=\"elementor-divider-separator\">\n\t\t\t\t\t\t<\/span>\n\t\t<\/div>\n\t\t\t\t\t\t<\/div>\n\t\t\t\t<\/div>\n\t\t\t\t\t<\/div>\n\t\t<\/div>\n\t\t\t\t\t<\/div>\n\t\t<\/section>\n\t\t<div class=\"elementor-element elementor-element-1ae0577f e-flex e-con-boxed e-con e-parent\" data-id=\"1ae0577f\" data-element_type=\"container\">\n\t\t\t\t\t<div class=\"e-con-inner\">\n\t\t<div class=\"elementor-element elementor-element-2af83c15 e-con-full e-flex e-con e-parent\" data-id=\"2af83c15\" data-element_type=\"container\">\n\t\t\t\t<div class=\"elementor-element elementor-element-0a38f13 elementor-widget elementor-widget-text-editor\" data-id=\"0a38f13\" data-element_type=\"widget\" data-widget_type=\"text-editor.default\">\n\t\t\t\t<div class=\"elementor-widget-container\">\n\t\t\t\t\t\t\t\t\t<p><strong>The GI GUTES INNENRAUMKLIMA\u00ae label offers clients certainty regarding the indoor climate in new and converted buildings as well as existing buildings. To obtain the label, qualified measuring institutes check that the highest standards of indoor air quality are met. As an independent label, it is characterized by ease of use, low costs and direct practical relevance.<\/strong><\/p><p class=\"font_8\">Numerous <a href=\"https:\/\/www.seco.admin.ch\/dam\/seco\/de\/dokumente\/Arbeit\/Arbeitsbedingungen\/Gesundheitsschutz%20am%20Arbeitsplatz\/Arbeitsr%C3%A4ume%20und%20Umgebungsfaktoren\/VW_Arbeitsleistung-und-Raumluft.pdf.download.pdf\/VW_Arbeitsleistung-und-Raumluft_de.pdf\">Studies<\/a> have shown that a good indoor climate increases employee performance and reduces absenteeism.<\/p><p class=\"font_8\">In construction projects, it is therefore crucial that the focus is placed on creating a perfect indoor climate when designing, selecting materials and planning the ventilation systems. Only with standardized and representative measurements can statements be made about the quality of the indoor climate. To achieve GI GUTES INNENRAUMKLIMA\u00ae certification, it must therefore be proven after completion of construction that the certificate values defined according to scientific criteria have been met in the indoor air. This gives building owners the assurance that the indoor climate has no deficiencies that could impair the well-being of building users or even damage their health.<\/p><p>\u00a0<\/p><p><strong>How does certification work?<\/strong><\/p><p>The Swiss Certification Body for Construction Products S-Cert AG is responsible for the correct implementation of certification and compliance with conformity. The regulations and the application documents are available on the S-Cert website <a href=\"https:\/\/www.s-cert.ch\/de\/Leistungen\/Innenraumluft\/Gutes-Innenraumklima\/Label-fur-ein-Gutes-Innenraumklima.html\">www.S-Cert.ch<\/a>. As the new owner of the trademark rights, Ecosens AG is currently working on a revision of the existing regulations. The aim of the revision is to adjust certain measurement parameters in order to further increase the added value for building owners and users. In addition, the label is to be more broadly supported by involving various experts and institutions. If you are currently planning certification, please contact us. Further information and already certified reference buildings can be found here <a href=\"http:\/\/www.gutesinnenraumklima.ch\">www.gutesinnenraumklima.ch<\/a><\/p><p><strong>Benefits of certification<\/strong><\/p><ul><li>Buildings with a good indoor climate have added value<\/li><li>A good, pollutant-free indoor climate increases the well-being and performance of users<\/li><li>The strictest requirements for indoor air quality increase safety<\/li><li>The label's claims are quantifiable, credible and communicable<\/li><li>The quality seal can be used as an independent label or as an addition to other building labels (recognition by Minergie-ECO)<\/li><\/ul><p>\u00a0<\/p><p><strong>Pascal Diefenbacher<br \/><\/strong>Head of Indoor Air Quality<br \/>Dr. sc. ETH, Environmental Natw.<\/p><p><strong>Raphael Rapold<br \/><\/strong>Project manager indoor air quality<br \/>MSc Business Chemistry<\/p><p><strong>Pia Buser<br \/><\/strong>Project manager indoor air quality<br \/>Radon expert<br \/>Dipl. Environmental Engineer ETH<\/p>\t\t\t\t\t\t\t\t<\/div>\n\t\t\t\t<\/div>\n\t\t\t\t<\/div>\n\t\t<div class=\"elementor-element elementor-element-67150557 e-con-full e-flex e-con e-parent\" data-id=\"67150557\" data-element_type=\"container\">\n\t\t\t\t<div class=\"elementor-element elementor-element-5e41ea95 elementor-widget elementor-widget-theme-post-featured-image elementor-widget-image\" data-id=\"5e41ea95\" data-element_type=\"widget\" data-widget_type=\"theme-post-featured-image.default\">\n\t\t\t\t<div class=\"elementor-widget-container\">\n\t\t\t\t\t\t\t\t\t\t\t\t\t\t\t<img fetchpriority=\"high\" decoding=\"async\" width=\"661\" height=\"496\" src=\"https:\/\/www.ecosens.ch\/wp-content\/uploads\/2023\/03\/news2.jpg\" class=\"attachment-full size-full wp-image-3485\" alt=\"\" srcset=\"https:\/\/www.ecosens.ch\/wp-content\/uploads\/2023\/03\/news2.jpg 661w, https:\/\/www.ecosens.ch\/wp-content\/uploads\/2023\/03\/news2-300x225.jpg 300w\" sizes=\"(max-width: 661px) 100vw, 661px\" \/>\t\t\t\t\t\t\t\t\t\t\t\t\t\t\t<\/div>\n\t\t\t\t<\/div>\n\t\t\t\t<\/div>\n\t\t\t\t\t<\/div>\n\t\t\t\t<\/div>\n\t\t\t\t<\/div>","protected":false},"excerpt":{"rendered":"<p>The GI GUTES INNENRAUMKLIMA\u00ae label offers building owners security with regard to the indoor climate in new buildings and conversions as well as in existing buildings. To obtain the label, qualified measuring institutes check that the highest standards of indoor air quality are met. <\/p>","protected":false},"author":1,"featured_media":3485,"comment_status":"closed","ping_status":"open","sticky":false,"template":"","format":"standard","meta":{"_acf_changed":false,"footnotes":""},"categories":[1],"tags":[106],"post_folder":[],"class_list":["post-3484","post","type-post","status-publish","format-standard","has-post-thumbnail","hentry","category-uncategorized","tag-elementor"],"acf":[],"yoast_head":"<!-- This site is optimized with the Yoast SEO plugin v26.8 - https:\/\/yoast.com\/product\/yoast-seo-wordpress\/ -->\n<title>GI Gutes Innenraumklima - Ecosens AG<\/title>\n<meta name=\"robots\" content=\"index, follow, max-snippet:-1, max-image-preview:large, max-video-preview:-1\" \/>\n<link rel=\"canonical\" href=\"https:\/\/www.ecosens.ch\/en\/gi-good-indoor-climate-2\/\" \/>\n<meta property=\"og:locale\" content=\"en_US\" \/>\n<meta property=\"og:type\" content=\"article\" \/>\n<meta property=\"og:title\" content=\"GI Gutes Innenraumklima - Ecosens AG\" \/>\n<meta property=\"og:description\" content=\"Das Label GI GUTES INNENRAUMKLIMA\u00ae bietet der Bauherrschaft Sicherheit bez\u00fcglich des Raumklimas in Neu- und Umbauten sowie Geb\u00e4uden im Bestand. Zur Erlangung des Labels wird durch qualifizierte Messinstitute gepr\u00fcft, dass die h\u00f6chsten Anspr\u00fcche an die Qualit\u00e4t der Raumluft erf\u00fcllt werden.\" \/>\n<meta property=\"og:url\" content=\"https:\/\/www.ecosens.ch\/en\/gi-good-indoor-climate-2\/\" \/>\n<meta property=\"og:site_name\" content=\"Ecosens AG\" \/>\n<meta property=\"article:published_time\" content=\"2023-10-28T06:50:19+00:00\" \/>\n<meta property=\"article:modified_time\" content=\"2024-11-12T09:30:23+00:00\" \/>\n<meta property=\"og:image\" content=\"https:\/\/www.ecosens.ch\/wp-content\/uploads\/2023\/03\/news2.jpg\" \/>\n\t<meta property=\"og:image:width\" content=\"661\" \/>\n\t<meta property=\"og:image:height\" content=\"496\" \/>\n\t<meta property=\"og:image:type\" content=\"image\/jpeg\" \/>\n<meta name=\"author\" content=\"aretis2244\" \/>\n<meta name=\"twitter:card\" content=\"summary_large_image\" \/>\n<meta name=\"twitter:label1\" content=\"Written by\" \/>\n\t<meta name=\"twitter:data1\" content=\"aretis2244\" \/>\n\t<meta name=\"twitter:label2\" content=\"Est. reading time\" \/>\n\t<meta name=\"twitter:data2\" content=\"2 minutes\" \/>\n<script type=\"application\/ld+json\" class=\"yoast-schema-graph\">{\"@context\":\"https:\/\/schema.org\",\"@graph\":[{\"@type\":\"Article\",\"@id\":\"https:\/\/www.ecosens.ch\/gi-gutes-innenraumklima\/#article\",\"isPartOf\":{\"@id\":\"https:\/\/www.ecosens.ch\/gi-gutes-innenraumklima\/\"},\"author\":{\"name\":\"aretis2244\",\"@id\":\"https:\/\/www.ecosens.ch\/#\/schema\/person\/19cc311b5687c93780d5ebe4b7808ac4\"},\"headline\":\"GI Gutes Innenraumklima\",\"datePublished\":\"2023-10-28T06:50:19+00:00\",\"dateModified\":\"2024-11-12T09:30:23+00:00\",\"mainEntityOfPage\":{\"@id\":\"https:\/\/www.ecosens.ch\/gi-gutes-innenraumklima\/\"},\"wordCount\":412,\"publisher\":{\"@id\":\"https:\/\/www.ecosens.ch\/#organization\"},\"image\":{\"@id\":\"https:\/\/www.ecosens.ch\/gi-gutes-innenraumklima\/#primaryimage\"},\"thumbnailUrl\":\"https:\/\/www.ecosens.ch\/wp-content\/uploads\/2023\/03\/news2.jpg\",\"keywords\":[\"Elementor\"],\"inLanguage\":\"en-US\"},{\"@type\":\"WebPage\",\"@id\":\"https:\/\/www.ecosens.ch\/gi-gutes-innenraumklima\/\",\"url\":\"https:\/\/www.ecosens.ch\/gi-gutes-innenraumklima\/\",\"name\":\"GI Gutes Innenraumklima - Ecosens AG\",\"isPartOf\":{\"@id\":\"https:\/\/www.ecosens.ch\/#website\"},\"primaryImageOfPage\":{\"@id\":\"https:\/\/www.ecosens.ch\/gi-gutes-innenraumklima\/#primaryimage\"},\"image\":{\"@id\":\"https:\/\/www.ecosens.ch\/gi-gutes-innenraumklima\/#primaryimage\"},\"thumbnailUrl\":\"https:\/\/www.ecosens.ch\/wp-content\/uploads\/2023\/03\/news2.jpg\",\"datePublished\":\"2023-10-28T06:50:19+00:00\",\"dateModified\":\"2024-11-12T09:30:23+00:00\",\"breadcrumb\":{\"@id\":\"https:\/\/www.ecosens.ch\/gi-gutes-innenraumklima\/#breadcrumb\"},\"inLanguage\":\"en-US\",\"potentialAction\":[{\"@type\":\"ReadAction\",\"target\":[\"https:\/\/www.ecosens.ch\/gi-gutes-innenraumklima\/\"]}]},{\"@type\":\"ImageObject\",\"inLanguage\":\"en-US\",\"@id\":\"https:\/\/www.ecosens.ch\/gi-gutes-innenraumklima\/#primaryimage\",\"url\":\"https:\/\/www.ecosens.ch\/wp-content\/uploads\/2023\/03\/news2.jpg\",\"contentUrl\":\"https:\/\/www.ecosens.ch\/wp-content\/uploads\/2023\/03\/news2.jpg\",\"width\":661,\"height\":496},{\"@type\":\"BreadcrumbList\",\"@id\":\"https:\/\/www.ecosens.ch\/gi-gutes-innenraumklima\/#breadcrumb\",\"itemListElement\":[{\"@type\":\"ListItem\",\"position\":1,\"name\":\"Startseite\",\"item\":\"https:\/\/www.ecosens.ch\/\"},{\"@type\":\"ListItem\",\"position\":2,\"name\":\"GI Gutes Innenraumklima\"}]},{\"@type\":\"WebSite\",\"@id\":\"https:\/\/www.ecosens.ch\/#website\",\"url\":\"https:\/\/www.ecosens.ch\/\",\"name\":\"Ecosens AG\",\"description\":\"\",\"publisher\":{\"@id\":\"https:\/\/www.ecosens.ch\/#organization\"},\"potentialAction\":[{\"@type\":\"SearchAction\",\"target\":{\"@type\":\"EntryPoint\",\"urlTemplate\":\"https:\/\/www.ecosens.ch\/?s={search_term_string}\"},\"query-input\":{\"@type\":\"PropertyValueSpecification\",\"valueRequired\":true,\"valueName\":\"search_term_string\"}}],\"inLanguage\":\"en-US\"},{\"@type\":\"Organization\",\"@id\":\"https:\/\/www.ecosens.ch\/#organization\",\"name\":\"Ecosens AG\",\"url\":\"https:\/\/www.ecosens.ch\/\",\"logo\":{\"@type\":\"ImageObject\",\"inLanguage\":\"en-US\",\"@id\":\"https:\/\/www.ecosens.ch\/#\/schema\/logo\/image\/\",\"url\":\"https:\/\/www.ecosens.ch\/wp-content\/uploads\/2023\/01\/logo.svg\",\"contentUrl\":\"https:\/\/www.ecosens.ch\/wp-content\/uploads\/2023\/01\/logo.svg\",\"width\":226,\"height\":45,\"caption\":\"Ecosens AG\"},\"image\":{\"@id\":\"https:\/\/www.ecosens.ch\/#\/schema\/logo\/image\/\"}},{\"@type\":\"Person\",\"@id\":\"https:\/\/www.ecosens.ch\/#\/schema\/person\/19cc311b5687c93780d5ebe4b7808ac4\",\"name\":\"aretis2244\",\"sameAs\":[\"https:\/\/www.ecosens.ch\"],\"url\":\"https:\/\/www.ecosens.ch\/en\/author\/aretis2244\/\"}]}<\/script>\n<!-- \/ Yoast SEO plugin. -->","yoast_head_json":{"title":"GI Good indoor climate - Ecosens AG","robots":{"index":"index","follow":"follow","max-snippet":"max-snippet:-1","max-image-preview":"max-image-preview:large","max-video-preview":"max-video-preview:-1"},"canonical":"https:\/\/www.ecosens.ch\/en\/gi-good-indoor-climate-2\/","og_locale":"en_US","og_type":"article","og_title":"GI Gutes Innenraumklima - Ecosens AG","og_description":"Das Label GI GUTES INNENRAUMKLIMA\u00ae bietet der Bauherrschaft Sicherheit bez\u00fcglich des Raumklimas in Neu- und Umbauten sowie Geb\u00e4uden im Bestand. Zur Erlangung des Labels wird durch qualifizierte Messinstitute gepr\u00fcft, dass die h\u00f6chsten Anspr\u00fcche an die Qualit\u00e4t der Raumluft erf\u00fcllt werden.","og_url":"https:\/\/www.ecosens.ch\/en\/gi-good-indoor-climate-2\/","og_site_name":"Ecosens AG","article_published_time":"2023-10-28T06:50:19+00:00","article_modified_time":"2024-11-12T09:30:23+00:00","og_image":[{"width":661,"height":496,"url":"https:\/\/www.ecosens.ch\/wp-content\/uploads\/2023\/03\/news2.jpg","type":"image\/jpeg"}],"author":"aretis2244","twitter_card":"summary_large_image","twitter_misc":{"Written by":"aretis2244","Est. reading time":"2 minutes"},"schema":{"@context":"https:\/\/schema.org","@graph":[{"@type":"Article","@id":"https:\/\/www.ecosens.ch\/gi-gutes-innenraumklima\/#article","isPartOf":{"@id":"https:\/\/www.ecosens.ch\/gi-gutes-innenraumklima\/"},"author":{"name":"aretis2244","@id":"https:\/\/www.ecosens.ch\/#\/schema\/person\/19cc311b5687c93780d5ebe4b7808ac4"},"headline":"GI Gutes Innenraumklima","datePublished":"2023-10-28T06:50:19+00:00","dateModified":"2024-11-12T09:30:23+00:00","mainEntityOfPage":{"@id":"https:\/\/www.ecosens.ch\/gi-gutes-innenraumklima\/"},"wordCount":412,"publisher":{"@id":"https:\/\/www.ecosens.ch\/#organization"},"image":{"@id":"https:\/\/www.ecosens.ch\/gi-gutes-innenraumklima\/#primaryimage"},"thumbnailUrl":"https:\/\/www.ecosens.ch\/wp-content\/uploads\/2023\/03\/news2.jpg","keywords":["Elementor"],"inLanguage":"en-US"},{"@type":"WebPage","@id":"https:\/\/www.ecosens.ch\/gi-gutes-innenraumklima\/","url":"https:\/\/www.ecosens.ch\/gi-gutes-innenraumklima\/","name":"GI Good indoor climate - Ecosens AG","isPartOf":{"@id":"https:\/\/www.ecosens.ch\/#website"},"primaryImageOfPage":{"@id":"https:\/\/www.ecosens.ch\/gi-gutes-innenraumklima\/#primaryimage"},"image":{"@id":"https:\/\/www.ecosens.ch\/gi-gutes-innenraumklima\/#primaryimage"},"thumbnailUrl":"https:\/\/www.ecosens.ch\/wp-content\/uploads\/2023\/03\/news2.jpg","datePublished":"2023-10-28T06:50:19+00:00","dateModified":"2024-11-12T09:30:23+00:00","breadcrumb":{"@id":"https:\/\/www.ecosens.ch\/gi-gutes-innenraumklima\/#breadcrumb"},"inLanguage":"en-US","potentialAction":[{"@type":"ReadAction","target":["https:\/\/www.ecosens.ch\/gi-gutes-innenraumklima\/"]}]},{"@type":"ImageObject","inLanguage":"en-US","@id":"https:\/\/www.ecosens.ch\/gi-gutes-innenraumklima\/#primaryimage","url":"https:\/\/www.ecosens.ch\/wp-content\/uploads\/2023\/03\/news2.jpg","contentUrl":"https:\/\/www.ecosens.ch\/wp-content\/uploads\/2023\/03\/news2.jpg","width":661,"height":496},{"@type":"BreadcrumbList","@id":"https:\/\/www.ecosens.ch\/gi-gutes-innenraumklima\/#breadcrumb","itemListElement":[{"@type":"ListItem","position":1,"name":"Startseite","item":"https:\/\/www.ecosens.ch\/"},{"@type":"ListItem","position":2,"name":"GI Gutes Innenraumklima"}]},{"@type":"WebSite","@id":"https:\/\/www.ecosens.ch\/#website","url":"https:\/\/www.ecosens.ch\/","name":"Ecosens AG","description":"","publisher":{"@id":"https:\/\/www.ecosens.ch\/#organization"},"potentialAction":[{"@type":"SearchAction","target":{"@type":"EntryPoint","urlTemplate":"https:\/\/www.ecosens.ch\/?s={search_term_string}"},"query-input":{"@type":"PropertyValueSpecification","valueRequired":true,"valueName":"search_term_string"}}],"inLanguage":"en-US"},{"@type":"Organization","@id":"https:\/\/www.ecosens.ch\/#organization","name":"Ecosens AG","url":"https:\/\/www.ecosens.ch\/","logo":{"@type":"ImageObject","inLanguage":"en-US","@id":"https:\/\/www.ecosens.ch\/#\/schema\/logo\/image\/","url":"https:\/\/www.ecosens.ch\/wp-content\/uploads\/2023\/01\/logo.svg","contentUrl":"https:\/\/www.ecosens.ch\/wp-content\/uploads\/2023\/01\/logo.svg","width":226,"height":45,"caption":"Ecosens AG"},"image":{"@id":"https:\/\/www.ecosens.ch\/#\/schema\/logo\/image\/"}},{"@type":"Person","@id":"https:\/\/www.ecosens.ch\/#\/schema\/person\/19cc311b5687c93780d5ebe4b7808ac4","name":"aretis2244","sameAs":["https:\/\/www.ecosens.ch"],"url":"https:\/\/www.ecosens.ch\/en\/author\/aretis2244\/"}]}},"_links":{"self":[{"href":"https:\/\/www.ecosens.ch\/en\/wp-json\/wp\/v2\/posts\/3484","targetHints":{"allow":["GET"]}}],"collection":[{"href":"https:\/\/www.ecosens.ch\/en\/wp-json\/wp\/v2\/posts"}],"about":[{"href":"https:\/\/www.ecosens.ch\/en\/wp-json\/wp\/v2\/types\/post"}],"author":[{"embeddable":true,"href":"https:\/\/www.ecosens.ch\/en\/wp-json\/wp\/v2\/users\/1"}],"replies":[{"embeddable":true,"href":"https:\/\/www.ecosens.ch\/en\/wp-json\/wp\/v2\/comments?post=3484"}],"version-history":[{"count":5,"href":"https:\/\/www.ecosens.ch\/en\/wp-json\/wp\/v2\/posts\/3484\/revisions"}],"predecessor-version":[{"id":5170,"href":"https:\/\/www.ecosens.ch\/en\/wp-json\/wp\/v2\/posts\/3484\/revisions\/5170"}],"wp:featuredmedia":[{"embeddable":true,"href":"https:\/\/www.ecosens.ch\/en\/wp-json\/wp\/v2\/media\/3485"}],"wp:attachment":[{"href":"https:\/\/www.ecosens.ch\/en\/wp-json\/wp\/v2\/media?parent=3484"}],"wp:term":[{"taxonomy":"category","embeddable":true,"href":"https:\/\/www.ecosens.ch\/en\/wp-json\/wp\/v2\/categories?post=3484"},{"taxonomy":"post_tag","embeddable":true,"href":"https:\/\/www.ecosens.ch\/en\/wp-json\/wp\/v2\/tags?post=3484"},{"taxonomy":"post_folder","embeddable":true,"href":"https:\/\/www.ecosens.ch\/en\/wp-json\/wp\/v2\/post_folder?post=3484"}],"curies":[{"name":"wp","href":"https:\/\/api.w.org\/{rel}","templated":true}]}}